{"id":114,"date":"2014-03-05T21:06:10","date_gmt":"2014-03-05T20:06:10","guid":{"rendered":"http:\/\/www.parkplatzvergleich.de\/blog\/?p=114"},"modified":"2015-10-26T11:27:54","modified_gmt":"2015-10-26T10:27:54","slug":"flugzeugentfuehrung-genf-einsatz-des-sek","status":"publish","type":"post","link":"https:\/\/www.parkplatzvergleich.de\/blog\/flugzeugentfuehrung-genf-einsatz-des-sek-114.html","title":{"rendered":"Flugzeugentf\u00fchrung Genf \u2013 Einsatz des SEK"},"content":{"rendered":"<p><img decoding=\"async\" class=\"size-full wp-image-497\" src=\"https:\/\/www.parkplatzvergleich.de\/blog\/wp-content\/uploads\/2014\/03\/Fotolia_46929720_S.jpg\" alt=\"SEK bei Flugzeugentf\u00fchrung\" width=\"849\" height=\"565\" srcset=\"https:\/\/www.parkplatzvergleich.de\/blog\/wp-content\/uploads\/2014\/03\/Fotolia_46929720_S.jpg 849w, https:\/\/www.parkplatzvergleich.de\/blog\/wp-content\/uploads\/2014\/03\/Fotolia_46929720_S-300x200.jpg 300w, https:\/\/www.parkplatzvergleich.de\/blog\/wp-content\/uploads\/2014\/03\/Fotolia_46929720_S-660x439.jpg 660w\" sizes=\"(max-width: 849px) 100vw, 849px\" \/><\/p>\n<p>Es gab schon viele Flugzeugentf\u00fchrungen, aber dass der eigene Co-Pilot sein eigenes Flugzeug nutzt, um Asyl zu beantragen, das ist ziemlich selten. Der Luftfahrt-Krimi beginnt montags fr\u00fch am Flughafen Genf als au\u00dferplanm\u00e4\u00dfig eine Boeing 767-300ER der Ethiopian Airlines landet. Eigentlich sollte die Maschine in Rom landen, jedoch schon vier Stunden vor der Landung auf dem Flughafen Genf wurde das internationale Zeichen f\u00fcr Flugzeugentf\u00fchrung gesendet. Zwei Kampfflugzeuge der italienischen Luftwaffe begleiteten daraufhin das Flugzeug aus Addis Abeba bis zur Landung in Genf um 6.00 Uhr. Nach Aussagen der Ethiopian Airlines sei das Flugzeug zur Landung gezwungen worden.<\/p>\n<h2>Unblutiger Ausgang<\/h2>\n<p>Da bereits um 2.00 Uhr fr\u00fch das Signal \u201e7500\u201c abgesetzt wurde, das der Code f\u00fcr Flugzeugentf\u00fchrungen ist, wurde der Luftraum um Genf sofort weitr\u00e4umig abgesperrt. Die logische Folge war, dass der Betrieb des Flughafens Genfs vollst\u00e4ndig zum Erliegen kam. Die Landung des Flugzeugs verlief ohne Komplikationen und alle Passagiere blieben unverletzt.<\/p>\n<p>Irgendwie clever plante der Co-Pilot die Entf\u00fchrung des Flugzeugs. Als der Kapit\u00e4n zur Toilette ging, schloss er sich im Cockpit ein. Allerdings lie\u00df er sich ohne Widerstand verhaften, als ein Sondereinsatzkommando der Polizei sich Zugang zum Flugzeug verschaffte. Nachdem nun alle Passagiere in Sicherheit gebracht worden sind und der \u00e4thiopische Luftpirat verhaftet wurde, konnte der Flughafen in Genf wieder f\u00fcr den Flugverkehr ge\u00f6ffnet werden.<\/p>\n<p><small>Quelle: <a href=\"http:\/\/www.abendzeitung-muenchen.de\/inhalt.flugzeug-entfuehrung-sek-einsatz-am-flughafen-in-genf-entfuehrer-war-co-pilot.41d4bae8-dc26-490d-82b6-8869d215d539.html\">http:\/\/www.abendzeitung-muenchen.de\/inhalt.flugzeug-entfuehrung-sek-einsatz-am-flughafen-in-genf-entfuehrer-war-co-pilot.41d4bae8-dc26-490d-82b6-8869d215d539.html<\/a><\/small><\/p>\n","protected":false},"excerpt":{"rendered":"<p>Es gab schon viele Flugzeugentf\u00fchrungen, aber dass der eigene Co-Pilot sein eigenes Flugzeug nutzt, um Asyl zu beantragen, das ist ziemlich selten. Der Luftfahrt-Krimi beginnt montags fr\u00fch am Flughafen Genf als au\u00dferplanm\u00e4\u00dfig eine Boeing 767-300ER der Ethiopian Airlines landet. Eigentlich sollte die Maschine in Rom landen, jedoch schon vier Stunden vor der Landung auf dem [&hellip;]<\/p>\n","protected":false},"author":1,"featured_media":497,"comment_status":"open","ping_status":"open","sticky":false,"template":"","format":"standard","meta":{"footnotes":""},"categories":[4],"tags":[55,56,57],"class_list":["post-114","post","type-post","status-publish","format-standard","has-post-thumbnail","hentry","category-news","tag-flugzeugentfuehrung","tag-genf","tag-sek-einsatz-am-flughafen"],"aioseo_notices":[],"_links":{"self":[{"href":"https:\/\/www.parkplatzvergleich.de\/blog\/wp-json\/wp\/v2\/posts\/114","targetHints":{"allow":["GET"]}}],"collection":[{"href":"https:\/\/www.parkplatzvergleich.de\/blog\/wp-json\/wp\/v2\/posts"}],"about":[{"href":"https:\/\/www.parkplatzvergleich.de\/blog\/wp-json\/wp\/v2\/types\/post"}],"author":[{"embeddable":true,"href":"https:\/\/www.parkplatzvergleich.de\/blog\/wp-json\/wp\/v2\/users\/1"}],"replies":[{"embeddable":true,"href":"https:\/\/www.parkplatzvergleich.de\/blog\/wp-json\/wp\/v2\/comments?post=114"}],"version-history":[{"count":4,"href":"https:\/\/www.parkplatzvergleich.de\/blog\/wp-json\/wp\/v2\/posts\/114\/revisions"}],"predecessor-version":[{"id":540,"href":"https:\/\/www.parkplatzvergleich.de\/blog\/wp-json\/wp\/v2\/posts\/114\/revisions\/540"}],"wp:featuredmedia":[{"embeddable":true,"href":"https:\/\/www.parkplatzvergleich.de\/blog\/wp-json\/wp\/v2\/media\/497"}],"wp:attachment":[{"href":"https:\/\/www.parkplatzvergleich.de\/blog\/wp-json\/wp\/v2\/media?parent=114"}],"wp:term":[{"taxonomy":"category","embeddable":true,"href":"https:\/\/www.parkplatzvergleich.de\/blog\/wp-json\/wp\/v2\/categories?post=114"},{"taxonomy":"post_tag","embeddable":true,"href":"https:\/\/www.parkplatzvergleich.de\/blog\/wp-json\/wp\/v2\/tags?post=114"}],"curies":[{"name":"wp","href":"https:\/\/api.w.org\/{rel}","templated":true}]}}