{"id":1167,"date":"2017-03-15T15:41:20","date_gmt":"2017-03-15T14:41:20","guid":{"rendered":"https:\/\/www.parkplatzvergleich.de\/blog\/?p=1167"},"modified":"2019-11-05T19:07:39","modified_gmt":"2019-11-05T18:07:39","slug":"mallorca-mal-anders-erleben-3-top-tipps-fuer-den-fruehling","status":"publish","type":"post","link":"https:\/\/www.parkplatzvergleich.de\/blog\/mallorca-mal-anders-erleben-3-top-tipps-fuer-den-fruehling-1167.html","title":{"rendered":"Mallorca mal anders erleben: 3 Top-Tipps f\u00fcr den Fr\u00fchling"},"content":{"rendered":"<div id=\"attachment_1177\" style=\"width: 1930px\" class=\"wp-caption aligncenter\"><a href=\"https:\/\/www.parkplatzvergleich.de\/blog\/wp-content\/uploads\/2017\/03\/beach-2100369_1920.jpg\"><img decoding=\"async\" aria-describedby=\"caption-attachment-1177\" class=\"wp-image-1177 size-full\" src=\"https:\/\/www.parkplatzvergleich.de\/blog\/wp-content\/uploads\/2017\/03\/beach-2100369_1920.jpg\" alt=\"Bucht auf Mallorca: Im Fr\u00fchjahr haben Urlauber die Str\u00e4nde noch f\u00fcr sich. Foto: Pixabay.com | Lizenz: CC0 Public Domain\" width=\"1920\" height=\"1280\" srcset=\"https:\/\/www.parkplatzvergleich.de\/blog\/wp-content\/uploads\/2017\/03\/beach-2100369_1920.jpg 1920w, https:\/\/www.parkplatzvergleich.de\/blog\/wp-content\/uploads\/2017\/03\/beach-2100369_1920-300x200.jpg 300w, https:\/\/www.parkplatzvergleich.de\/blog\/wp-content\/uploads\/2017\/03\/beach-2100369_1920-768x512.jpg 768w, https:\/\/www.parkplatzvergleich.de\/blog\/wp-content\/uploads\/2017\/03\/beach-2100369_1920-1024x683.jpg 1024w, https:\/\/www.parkplatzvergleich.de\/blog\/wp-content\/uploads\/2017\/03\/beach-2100369_1920-660x440.jpg 660w\" sizes=\"(max-width: 1920px) 100vw, 1920px\" \/><\/a><p id=\"caption-attachment-1177\" class=\"wp-caption-text\">Bucht auf Mallorca: Im Fr\u00fchjahr haben Urlauber die Str\u00e4nde noch f\u00fcr sich. Foto: Pixabay.com | Lizenz: CC0 Public Domain<\/p><\/div>\n<p><strong>Mallorca ist die liebste Urlaubsinsel der Deutschen. Im vergangenen und auch in diesem Jahr wird die Insel von Millionen von Urlaubern geradezu \u00fcberrannt. Sollte man das Reiseziel deshalb meiden? Mitnichten! Stattdessen solltet Ihr Mallorca einmal anders erleben: Wir haben 3 Top-Tipps f\u00fcr den herrlichen Fr\u00fchling auf der sonnigen Insel.<\/strong><\/p>\n<p>W\u00e4hrend die Temperaturen <a href=\"https:\/\/www.parkplatzvergleich.de\/blog\/mit-jet-geschwindigkeit-auf-die-piste-1110.html\">in unseren Breitengraden<\/a> so langsam an der Zehn-Grad-Marke kratzen, ist die Baleareninsel Mallorca schon ein ganzes St\u00fcck weiter. Die beliebte Urlaubsdestination lockt schon mit milden Temperaturen teils \u00fcber 20 Grad, viel Sonne und noch halbwegs leeren Str\u00e4nden und Promenaden. Denn erst ab Ostern beginnt der Trubel so richtig und \u00fcberrollt die Mittelmeerinsel mit Millionen von sonnenhungrigen Urlaubern, die die sch\u00f6nste Zeit des Jahres auf Mallorca verbringen wollen. Schon im letzten Jahr hatte es auf der Insel einen absoluten Besucherrekord gegeben. Bereits im Jahr 2016 waren mehr als <a href=\"https:\/\/www.parkplatzvergleich.de\/blog\/16-millionen-passagiere-flughafen-hamburg-stellt-neuen-rekord-auf-1097.html\">10 Millionen Besucher<\/a> nach \u201eMalle\u201c gekommen und auch 2017 soll der Rekord noch einmal geknackt werden. Manchem Einheimischen und Residenten wird das schon zu viel. Denn grade einmal knapp 800.000 Menschen leben dauerhaft auf Mallorca.<\/p>\n<h2>Viel Sonne und milde Temperaturen: Den Fr\u00fchling auf Mallorca genie\u00dfen<\/h2>\n<p>Zwar wird es in Mitteleuropa ab Anfang M\u00e4rz auch deutlich milder und sonniger. Aber im Vergleich zu Mallorca ist das noch nichts. Die Insel ist im M\u00e4rz und April das perfekte Nahziel, um mal richtig auszuspannen und Sonne zu tanken. Die Urlaubsorte auf der Insel sind zu dieser Zeit noch halbwegs ruhig und ein Mallorca-Trip zu dieser Zeit kann richtig die Fantasie anregen: Was kann man nicht alles unbehelligt unternehmen zu dieser Jahreszeit? Zwar ist die Mandelbl\u00fcte auf Mallorca zu dieser Zeit schon vorbei. Dennoch beginnt so langsam auch alles andere zu bl\u00fchen. Mallorca ist im Fr\u00fchjahr eine bl\u00fchende, gr\u00fcne Insel, die unserer Vegetation in Mitteleuropa schon um einiges voraus ist. Deshalb haben wir die ultimativen Ideen, wie Ihr euren <a href=\"https:\/\/www.parkplatzvergleich.de\/blog\/jetzt-sonne-tanken-die-besten-reiseziele-im-fruehling-1120.html\">Mallorca-Aufenthalt im Fr\u00fchling<\/a> zu einem unvergesslichen Erlebnis macht.<\/p>\n<div id=\"attachment_1176\" style=\"width: 1930px\" class=\"wp-caption alignnone\"><a href=\"https:\/\/www.parkplatzvergleich.de\/blog\/wp-content\/uploads\/2017\/03\/balearic-islands-dreams-824939_1920.jpg\"><img decoding=\"async\" aria-describedby=\"caption-attachment-1176\" class=\"wp-image-1176 size-full\" src=\"https:\/\/www.parkplatzvergleich.de\/blog\/wp-content\/uploads\/2017\/03\/balearic-islands-dreams-824939_1920.jpg\" alt=\"Serpentinen fahren: Im Fr\u00fchling auf Mallorca ein Genu\u00df! Foto: Pixabay.com | Lizenz: CC0 Public Domain \" width=\"1920\" height=\"562\" srcset=\"https:\/\/www.parkplatzvergleich.de\/blog\/wp-content\/uploads\/2017\/03\/balearic-islands-dreams-824939_1920.jpg 1920w, https:\/\/www.parkplatzvergleich.de\/blog\/wp-content\/uploads\/2017\/03\/balearic-islands-dreams-824939_1920-300x88.jpg 300w, https:\/\/www.parkplatzvergleich.de\/blog\/wp-content\/uploads\/2017\/03\/balearic-islands-dreams-824939_1920-768x225.jpg 768w, https:\/\/www.parkplatzvergleich.de\/blog\/wp-content\/uploads\/2017\/03\/balearic-islands-dreams-824939_1920-1024x300.jpg 1024w, https:\/\/www.parkplatzvergleich.de\/blog\/wp-content\/uploads\/2017\/03\/balearic-islands-dreams-824939_1920-660x193.jpg 660w\" sizes=\"(max-width: 1920px) 100vw, 1920px\" \/><\/a><p id=\"caption-attachment-1176\" class=\"wp-caption-text\">Serpentinen fahren: Im Fr\u00fchling auf Mallorca ein Genu\u00df! Foto: Pixabay.com | Lizenz: CC0 Public Domain<\/p><\/div>\n<h3>1. Mietwagen nehmen und \u00fcber die Insel cruisen<\/h3>\n<p>Dieser Tipp liegt doch eigentlich auf der Hand: Nehmt Euch nach der Ankunft auf Mallorca direkt am Flughafen von Palma einen Mietwagen \u2013 und schon kann das Abenteuer beginnen. Mit einem Mietwagen auf Mallorca seid Ihr mobil und k\u00f6nnt direkt auf Entdeckungstour gehen, anstatt f\u00fcr den ganzen Urlaub nur in eurem Ferienort zu bleiben. Die Mietwagenstation befindet sich direkt gegen\u00fcber vom Ankunftsterminal hinter der Busstation im Parkhaus. Das k\u00f6nnt Ihr kaum verfehlen. Dort bekommt Ihr bei den bekannten Anbietern schon f\u00fcr unter 200 Euro pro Woche ein brauchbares Gef\u00e4hrt. Einsteigen, losfahren, genie\u00dfen und Fenster runtermachen, um die herrliche frische Fr\u00fchlingsluft zu genie\u00dfen! Die Stra\u00dfen auf Mallorca befinden sich h\u00e4ufig in einem sehr guten Zustand und k\u00f6nnen problemlos mit den Bundesstra\u00dfen in Deutschland mithalten. Rund um Palma gibt es auch ein kleines, aber feines Autobahnnetz. Wenn Ihr die Insel entdecken wollt, solltet Ihr folgende Eckpunkte auf keinen Fall verpassen: Der Westen und S\u00fcdwesten der Insel ist herrlich. Von Port d\u2019Andratx solltet Ihr unbedingt einen Abstecher nach San Telmo machen und von dort weiter nach Banjalbufar, Valdemossa und Soller. Die Serpentinenstra\u00dfen haben atemberaubende Ausblicke zu bieten! Im Osten wiederum warten Cala d\u2019Or, Porto Pedro und viele kleine Buchten, die auch im Fr\u00fchjahr schon richtig herrlich sind. Im Norden erwarten Euch Cala Ratjada, die urige Stadt Art\u00e1 und die Bucht von Alcudia.<\/p>\n<h3>2. Wandern und Fahrrad fahren: Mallorca ist jetzt wohltemperiert<\/h3>\n<p>F\u00fcr Sportler und Aktivurlauber ist Mallorca zu dieser Jahreszeit einfach optimal. Ihr k\u00f6nnt bei milden Temperaturen Sport machen, ohne euren Kreislauf zu belasten. Wenn die Werte im Sommer \u00fcber 30 Grad steigen, sollte man sich gut \u00fcberlegen, ob man wirklich mit dem Fahrrad \u00fcber die Insel d\u00fcsen m\u00f6chte. Jetzt im Fr\u00fchling geht das wunderbar. Vorbei an Olivenhainen, gr\u00fcnen Feldern und Orangenb\u00e4umen f\u00fchren gut ausgebaute Stra\u00dfen und Fahrradwege \u00fcber die gesamte Insel. F\u00fcr Wanderer ist das Gebirge im Westen der Insel optimal geeignet, um auch mal abseits der Touristenpfade die traumhafte Panoramalandschaft zu entdecken. Grade im Osten der Insel kann man nat\u00fcrlich auch sehr gut ebenerdig wandern und eine Menge authentisches <a href=\"https:\/\/www.parkplatzvergleich.de\/blog\/flugtrends-2016-wo-zieht-es-die-deutschen-hin-753.html\">Mallorca<\/a> entdecken, das sonst im Vorbeifahren verloren geht. Strand-Fans k\u00f6nnen in dieser Jahreszeit schon ohne Probleme barfu\u00df am Strand flanieren und die Ruhe am Strand genie\u00dfen, w\u00e4hrend ihnen das Mittelmeer um die F\u00fc\u00dfe pl\u00e4tschert.<\/p>\n<div id=\"attachment_1174\" style=\"width: 1930px\" class=\"wp-caption alignnone\"><a href=\"https:\/\/www.parkplatzvergleich.de\/blog\/wp-content\/uploads\/2017\/03\/building-500337_1920.jpg\"><img decoding=\"async\" aria-describedby=\"caption-attachment-1174\" class=\"wp-image-1174 size-full\" src=\"https:\/\/www.parkplatzvergleich.de\/blog\/wp-content\/uploads\/2017\/03\/building-500337_1920.jpg\" alt=\"Geb\u00e4ude in Palma: Die Altstadt kann man wunderbar im Fr\u00fchjahr entdecken. Foto: Pixabay.com | Lizenz: CC0 Public Domain \" width=\"1920\" height=\"1280\" srcset=\"https:\/\/www.parkplatzvergleich.de\/blog\/wp-content\/uploads\/2017\/03\/building-500337_1920.jpg 1920w, https:\/\/www.parkplatzvergleich.de\/blog\/wp-content\/uploads\/2017\/03\/building-500337_1920-300x200.jpg 300w, https:\/\/www.parkplatzvergleich.de\/blog\/wp-content\/uploads\/2017\/03\/building-500337_1920-768x512.jpg 768w, https:\/\/www.parkplatzvergleich.de\/blog\/wp-content\/uploads\/2017\/03\/building-500337_1920-1024x683.jpg 1024w, https:\/\/www.parkplatzvergleich.de\/blog\/wp-content\/uploads\/2017\/03\/building-500337_1920-660x440.jpg 660w\" sizes=\"(max-width: 1920px) 100vw, 1920px\" \/><\/a><p id=\"caption-attachment-1174\" class=\"wp-caption-text\">Geb\u00e4ude in Palma: Die Altstadt kann man wunderbar im Fr\u00fchjahr entdecken. Foto: Pixabay.com | Lizenz: CC0 Public Domain<\/p><\/div>\n<h3>3. Mallorcas Inselhauptstadt Palma entdecken: Espresso schl\u00fcrfen am Plaza Mayor<\/h3>\n<p>Wer weniger auf lange Autofahrten und auf Outdoor-Aktivit\u00e4ten steht, kann sich mal ausgiebig der Inselhauptstadt widmen. Sie ist mit \u00fcber 500.000 Einwohnern der mit Abstand bev\u00f6lkerungsreichste Teil Mallorcas und dabei grade einmal so gro\u00df wie Hannover. W\u00e4hrend Millionen von Touristen jedes Jahr nach Palma str\u00f6men, um die Stra\u00dfen und engen Gassen der Metropole zu entdecken, d\u00fcrfte es jetzt im Fr\u00fchjahr noch halbwegs ruhig sein. Erst wenn ab Ostern die Massen an Touristen kommen und die ersten Kreuzfahrtschiffe im Hafen von Palma anlanden, wird es in Palma richtig ungem\u00fctlich. Bis dahin aber k\u00f6nnt Ihr eine Inselhauptstadt genie\u00dfen, die es problemlos mit anderen mediterranen St\u00e4dten aufnehmen kann. Die Kathedrale von Palma d\u00fcrfte es mittlerweile zu Weltruhm geschafft haben, denn sie ist ein Wahrzeichen der Insel und grade jetzt ohne den Touri-Ansturm sicher auch einen Besuch wert. Und das Abenteuer beginnt, wenn Ihr euch hinter der Kathedrale in die kleinen Gassen der Altstadt begebt, um dort das Ambiente der alten Stadth\u00e4user zu genie\u00dfen und in einem der zahlreichen Caf\u00e9s einen Espresso zu schl\u00fcrfen. Auch shoppen gehen k\u00f6nnt Ihr in Mallorcas Hauptstadt perfekt: Nicht nur das gro\u00dfe Einkaufszentrum Corte d\u2019Ingles bietet ein riesiges Shopping-Erlebnis, sondern auch etliche kleine Gesch\u00e4fte im Zentrum der Stadt. Eine herrliche s\u00fcdeurop\u00e4ische Metropole und eine Top-Alternative zu den beliebten Spots <a href=\"https:\/\/www.parkplatzvergleich.de\/blog\/reiseziel-barcelona-tipps-fuer-den-perfekten-kurztrip-952.html\">Barcelona<\/a>, Lissabon, Rom und Marseille.<\/p>\n<h2>Den Winter hinter sich lassen: Mallorca im Fr\u00fchling ist ein Traum!<\/h2>\n<p>Was auch immer ihr im Fr\u00fchling auf Mallorca vor habt \u2013 Ihr k\u00f6nnt es jetzt noch halbwegs unbehelligt tun, bevor sich sp\u00e4testens ab Ostern die Touristen-Massen aus ganz Europa zum j\u00e4hrlichen Stelldichein einfinden. Egal ob Ihr die Insel mit dem Mietwagen erkundet, mit Fahrrad oder zu Fu\u00df losstartet, die Inselhauptstadt endlich besser kennenlernt oder einfach nur die Seele baumeln lasst \u2013 Mallorca im Fr\u00fchling wird daf\u00fcr sorgen, dass Ihr den Blick auf die alte Bekannte einmal gewaltig \u00e4ndert.<\/p>\n<div id=\"attachment_1175\" style=\"width: 1930px\" class=\"wp-caption aligncenter\"><a href=\"https:\/\/www.parkplatzvergleich.de\/blog\/wp-content\/uploads\/2017\/03\/flower-meadow-1090253_1920.jpg\"><img decoding=\"async\" aria-describedby=\"caption-attachment-1175\" class=\"wp-image-1175 size-full\" src=\"https:\/\/www.parkplatzvergleich.de\/blog\/wp-content\/uploads\/2017\/03\/flower-meadow-1090253_1920.jpg\" alt=\"Bl\u00fchende Insel im Fr\u00fchling: Mallorca im Fr\u00fchling ist ein Traum. Foto: Pixabay.com | Lizenz: CC0 Public Domain \" width=\"1920\" height=\"1440\" srcset=\"https:\/\/www.parkplatzvergleich.de\/blog\/wp-content\/uploads\/2017\/03\/flower-meadow-1090253_1920.jpg 1920w, https:\/\/www.parkplatzvergleich.de\/blog\/wp-content\/uploads\/2017\/03\/flower-meadow-1090253_1920-300x225.jpg 300w, https:\/\/www.parkplatzvergleich.de\/blog\/wp-content\/uploads\/2017\/03\/flower-meadow-1090253_1920-768x576.jpg 768w, https:\/\/www.parkplatzvergleich.de\/blog\/wp-content\/uploads\/2017\/03\/flower-meadow-1090253_1920-1024x768.jpg 1024w, https:\/\/www.parkplatzvergleich.de\/blog\/wp-content\/uploads\/2017\/03\/flower-meadow-1090253_1920-660x495.jpg 660w\" sizes=\"(max-width: 1920px) 100vw, 1920px\" \/><\/a><p id=\"caption-attachment-1175\" class=\"wp-caption-text\">Bl\u00fchende Insel im Fr\u00fchling: Mallorca im Fr\u00fchling ist ein Traum. Foto: Pixabay.com | Lizenz: CC0 Public Domain<\/p><\/div>\n<h2>Flughafen D\u00fcsseldorf: Von DUS\u00a0aus nach Mallorca starten<\/h2>\n<p>Mallorca als Reiseziel wird von nahezu allen deutschen Flugh\u00e4fen und vielen Airlines angeflogen. G\u00fcnstig k\u00f6nnt Ihr beispielsweise mit Eurowings und Ryanair auf die beliebteste Urlaubsinsel der Deutschen fliegen. Wer vom Flughafen D\u00fcsseldorf\u00a0nach Malle jetten will, findet ein reichhaltiges Parkplatzangebot direkt am Flughafen. Auch f\u00fcr Ferienreisende gibt es reichlich Parkpl\u00e4tze, die jedoch nicht immer g\u00fcnstig sind. Wir von parkplatzvergleich.de haben die g\u00fcnstigsten Parkh\u00e4user rund um den <a href=\"https:\/\/www.parkplatzvergleich.de\/parken-flughafen-duesseldorf\/\">Flughafen D\u00fcsseldorf<\/a>\u00a0ausfindig gemacht, die zwar nicht direkt am Terminal liegen, aber preislich deshalb auch deutlich g\u00fcnstiger sind. Entdeckt g\u00fcnstige Parkpl\u00e4tze am D\u00fcsseldorf Airport\u00a0bereits ab 29\u00a0Euro pro Woche!<\/p>\n<p><span style=\"text-indent: 20px;width: auto;padding: 0px 4px 0px 0px;text-align: center;font: bold 11px\/20px 'Helvetica Neue',Helvetica,sans-serif;color: #ffffff;background: #bd081c no-repeat scroll 3px 50% \/ 14px 14px;cursor: pointer\">Merken<\/span><\/p>\n","protected":false},"excerpt":{"rendered":"<p>Mallorca ist die liebste Urlaubsinsel der Deutschen. Im vergangenen und auch in diesem Jahr wird die Insel von Millionen von Urlaubern geradezu \u00fcberrannt. Sollte man das Reiseziel deshalb meiden? Mitnichten! Stattdessen solltet Ihr Mallorca einmal anders erleben: Wir haben 3 Top-Tipps f\u00fcr den herrlichen Fr\u00fchling auf der sonnigen Insel. W\u00e4hrend die Temperaturen in unseren Breitengraden [&hellip;]<\/p>\n","protected":false},"author":5,"featured_media":1177,"comment_status":"open","ping_status":"open","sticky":false,"template":"","format":"standard","meta":{"footnotes":""},"categories":[35],"tags":[219,282,247,208,209],"class_list":["post-1167","post","type-post","status-publish","format-standard","has-post-thumbnail","hentry","category-reisen","tag-insider-tipps","tag-mallorca","tag-urlaub","tag-urlaubsreisen","tag-urlaubsreisen-mit-dem-flugzeug"],"aioseo_notices":[],"_links":{"self":[{"href":"https:\/\/www.parkplatzvergleich.de\/blog\/wp-json\/wp\/v2\/posts\/1167","targetHints":{"allow":["GET"]}}],"collection":[{"href":"https:\/\/www.parkplatzvergleich.de\/blog\/wp-json\/wp\/v2\/posts"}],"about":[{"href":"https:\/\/www.parkplatzvergleich.de\/blog\/wp-json\/wp\/v2\/types\/post"}],"author":[{"embeddable":true,"href":"https:\/\/www.parkplatzvergleich.de\/blog\/wp-json\/wp\/v2\/users\/5"}],"replies":[{"embeddable":true,"href":"https:\/\/www.parkplatzvergleich.de\/blog\/wp-json\/wp\/v2\/comments?post=1167"}],"version-history":[{"count":10,"href":"https:\/\/www.parkplatzvergleich.de\/blog\/wp-json\/wp\/v2\/posts\/1167\/revisions"}],"predecessor-version":[{"id":1197,"href":"https:\/\/www.parkplatzvergleich.de\/blog\/wp-json\/wp\/v2\/posts\/1167\/revisions\/1197"}],"wp:featuredmedia":[{"embeddable":true,"href":"https:\/\/www.parkplatzvergleich.de\/blog\/wp-json\/wp\/v2\/media\/1177"}],"wp:attachment":[{"href":"https:\/\/www.parkplatzvergleich.de\/blog\/wp-json\/wp\/v2\/media?parent=1167"}],"wp:term":[{"taxonomy":"category","embeddable":true,"href":"https:\/\/www.parkplatzvergleich.de\/blog\/wp-json\/wp\/v2\/categories?post=1167"},{"taxonomy":"post_tag","embeddable":true,"href":"https:\/\/www.parkplatzvergleich.de\/blog\/wp-json\/wp\/v2\/tags?post=1167"}],"curies":[{"name":"wp","href":"https:\/\/api.w.org\/{rel}","templated":true}]}}