{"id":1579,"date":"2017-09-03T08:42:09","date_gmt":"2017-09-03T07:42:09","guid":{"rendered":"https:\/\/www.parkplatzvergleich.de\/blog\/?p=1579"},"modified":"2019-11-05T19:18:59","modified_gmt":"2019-11-05T18:18:59","slug":"mallorca-tourismussteuer-auf-den-balearen-verdoppelt","status":"publish","type":"post","link":"https:\/\/www.parkplatzvergleich.de\/blog\/mallorca-tourismussteuer-auf-den-balearen-verdoppelt-1579.html","title":{"rendered":"Mallorca: Tourismussteuer auf den Balearen verdoppelt"},"content":{"rendered":"<img decoding=\"async\" class=\"size-large wp-image-1583\" src=\"https:\/\/www.parkplatzvergleich.de\/blog\/wp-content\/uploads\/2017\/09\/beach-2100369_1920-1024x683.jpg\" alt=\"Tourismussteuer auf Mallorca: Die Regierung will die Umwelt vor den Besuchermassen sch\u00fctzen. Foto: Pixabay\"  height=\"444\" srcset=\"https:\/\/www.parkplatzvergleich.de\/blog\/wp-content\/uploads\/2017\/09\/beach-2100369_1920-1024x683.jpg 1024w, https:\/\/www.parkplatzvergleich.de\/blog\/wp-content\/uploads\/2017\/09\/beach-2100369_1920-300x200.jpg 300w, https:\/\/www.parkplatzvergleich.de\/blog\/wp-content\/uploads\/2017\/09\/beach-2100369_1920-768x512.jpg 768w, https:\/\/www.parkplatzvergleich.de\/blog\/wp-content\/uploads\/2017\/09\/beach-2100369_1920-660x440.jpg 660w, https:\/\/www.parkplatzvergleich.de\/blog\/wp-content\/uploads\/2017\/09\/beach-2100369_1920.jpg 1920w\" sizes=\"(max-width: 1024px) 100vw, 1024px\" \/>\n<p><strong>Wir lieben Mallorca, Ibiza, Menorca und Co. als zuverl\u00e4ssige Urlaubsziele im Sommer. Sonne, Strand und Meer sind nur etwas mehr als zwei Flugstunden von Deutschland entfernt. Die Balearen eilen deshalb Jahr f\u00fcr Jahr von Besucherrekord zu Besucherrekord. Das hat auch viele Schattenseiten wie beispielsweise eine hohe Belastung f\u00fcr die Umwelt. Die Regierung hat deshalb im vergangenen Jahr eine Tourismussteuer eingef\u00fchrt und nun angek\u00fcndigt, dass die Abgabe im kommenden Jahr verdoppelt wird. Wie teuer wird also der Mallorca-Urlaub 2018?<\/strong><\/p>\n<p>Millionen Urlauber aus Deutschland reisen jedes Jahr auf die Balearen. Besonders Mallorca steht bei ihnen hoch im Kurs. Im vergangenen Jahr hat die Provinzregierung der Inselgruppe eine Steuer eingef\u00fchrt, um damit gegen die Sch\u00e4den besonders f\u00fcr Umwelt vorzugehen, die der Tourismus verursacht. Auch Einheimische sind mehr und mehr von den Massen an Touristen genervt. In ganz Spanien kam es in den letzten Monaten immer h\u00e4ufiger zu w\u00fctenden Protesten. Nicht ohne Grund: Ganz Spanien ist randvoll mit Touristen. Nach dem weiteren Rekordsommer 2017, in dem wieder Millionen Reisende <a href=\"https:\/\/www.parkplatzvergleich.de\/blog\/sommerurlaub-2017-unsere-6-top-ziele-fuer-die-perfekte-reise-1377.html\">ihren Sommerurlaub auf Mallorca<\/a> verbracht haben, will die Regierung die Geb\u00fchren &#8211; die sogenannte \u00d6kotaxe &#8211; im kommenden Jahr verdoppeln. Bis zu vier Euro pro Person und Nacht werden dann auf den Baleareninseln Mallorca, Ibiza, Menorca und Formentera f\u00e4llig. Auch Kreuzfahrttouristen werden zur Kasse gebeten, sobald ihr Schiff in einen Balearen-Hafen einl\u00e4uft.<\/p>\n<h2>Touristensteuer auf Mallorca trifft auf gemischtes Echo<\/h2>\n<p>Seit die regionalen Gouverneure der spanischen Provinzregierung vor einigen Tagen die Verdoppelung der Touristensteuer verk\u00fcndet haben, gab es als Reaktion ein gemischtes Echo auf die Erh\u00f6hung der Abgabe. Mehr als 120 Millionen Euro soll die erh\u00f6hte Abgabe 2018 einbringen. Die Erh\u00f6hung der Kurztaxe wurde sofort kritisiert. Wie eine lokale Zeitung schrieb, sei die Abgabe &#8222;brutal und ungerechtfertigt&#8220;. Der zust\u00e4ndige Tourismusminister Biel Barcelo wiederum bezeichnete den Anstieg als \u201cgerechtfertigt\u201c. Er sagte, dass die im vergangenen Sommer eingef\u00fchrte Touristensteuer gut angenommen worden sei. Die Steuer wird von den Anwohnern der Balearen auch als &#8222;ecotasa&#8220; &#8211; oder zu deutsch \u00d6kotaxe &#8211; bezeichnet, was den Bezug der Einnahmen zum Umweltschutz verdeutlich. Gegner der Umweltabgabe sind vor allem Akteure, die von den Touristen leben. Besonders Hoteliers gehen dagegen auf die Barrikaden. Und auch der Wirtschaftsverband der Insel Mallorca hat die Erh\u00f6hung als &#8222;Katastrophe&#8220; bezeichnet, wie verschiedene europ\u00e4ische Medien berichten. Angeblich seien noch keine positiven Ergebnisse aus den diesj\u00e4hrigen \u00d6kosteuer-Einnahmen zu verzeichnen.<\/p>\n<h2>Sorge um Mallorca als Ferienziel<\/h2>\n<p>Seit der Ank\u00fcndigung mehren sich vor allem die Stimmen derer, die Schaden f\u00fcr den Tourismus auf der beliebten Ferieninsel f\u00fcrchten. Die Pr\u00e4sidentin des mallorquinischen Wirtschaftsverbands FEHM, Inma Benito, sagte: &#8222;Es ist eine Steuerabgabe und wird sich auf den Zustrom und die Wettbewerbsf\u00e4higkeit der Destination auswirken\u201c. Sie warnt ausdr\u00fccklich:\u201cEs k\u00f6nnte eine betr\u00e4chtliche Anzahl von Menschen geben, die das ganze Jahr \u00fcber, und nicht nur in der Hochsaison, nicht mehr nach Mallorca kommen.\u201c Zudem k\u00f6nne sich die Steuer negativ auf die Kaufkraft der Touristen auswirken, die dadurch weniger Geld f\u00fcr Ausfl\u00fcge, Sport oder andere Aktivit\u00e4ten ausgeben k\u00f6nnen. Somit w\u00fcrde die Erh\u00f6hung der Abgabe den gesamten Balearen schaden.<\/p>\n<h2>So hoch f\u00e4llt die Touristensteuer im Einzelnen aus<\/h2>\n<p>Die neuen Spitzensteuers\u00e4tze werden ab 2018 von Mai bis Oktober f\u00e4llig. Aber entsprechend verdoppeln sich auch die S\u00e4tze, die Touristen in der Nebensaison auf den Balearen wie beispielsweise <a href=\"https:\/\/www.parkplatzvergleich.de\/blog\/mallorca-mal-anders-erleben-3-top-tipps-fuer-den-fruehling-1167.html\">im Fr\u00fchling auf Mallorca<\/a> bezahlen m\u00fcssen. Die MallorcaZeitung hat <a href=\"http:\/\/www.mallorcazeitung.es\/lokales\/2017\/09\/01\/mallorca-touristensteuer-2018-tabelle\/53919.html\" rel=\"nofollow\">die neuen Tarife<\/a> gut nachvollziehbar zusammengestellt. So muss man k\u00fcnftig vor allem in hochpreisigen Unterk\u00fcnften tiefer in die Tasche greifen: F\u00fcnf-Sterne- und Vier-Sterne-Superior-Hotels verlangen zuk\u00fcnftig vier Euro pro Person und Nacht. In der Nebensaison werden es zwei Euro sein. Die n\u00e4chst niedrigere Kategorie sind die Vier-Sterne- und Drei-Sterne-Superior-Hotels: Dort werden bald drei Euro und in der Lowseason 1,50 Euro f\u00e4llig. Wer g\u00fcnstigere Resorts bucht, kommt nat\u00fcrlich auch g\u00fcnstiger weg: Ein- bis Drei-Sterne-Hotels werden ab 2018 zwei Euro nehmen und nur einen Euro in den schwachen Monaten.<\/p>\n<p>\u00c4hnlich sieht es bei Ferienapartments aus. In der h\u00f6chsten Kategorie \u201e4 Schl\u00fcssel\u201c m\u00fcssen vier Euro berappt werden. Ansonsten ist die Staffelung \u00e4hnlich wie bei den Hotels. F\u00fcr Fans <a href=\"https:\/\/www.parkplatzvergleich.de\/blog\/billiger-urlaub-9-tipps-wie-ihr-guenstig-in-die-sonne-kommt-1554.html\">von billigem Urlaub auf Mallorca<\/a> \u00e4ndert sich eher weniger: F\u00fcr g\u00fcnstige Apartments und Landhotels zahlt man lediglich zwei Euro pro Person und Nacht. Im Winter jeweils die H\u00e4lfte. Noch g\u00fcnstiger kommen Besucher von Hostals, Pensionen und Campingpl\u00e4tzen sowie Herbergen weg. Ein Euro in der Hauptsaison wird pro \u00dcbernachtung aufgeschlagen. Kreuzfahrttouris m\u00fcssen k\u00fcnftig zwei Euro bezahlen, auch wenn ihr Schiff weniger als 12 Stunden auf den Balearen ankert. Auf alle Preise kommen noch 10 Prozent Mehrwertsteuer (IVA) obendrauf. Kinder bis einschlie\u00dflich 15 Jahren sind von der \u00d6kotaxe befreit. Wie die regionale Zeitung vorrechnet, wird eine Woche f\u00fcr eine vierk\u00f6pfige Familie mit zwei Kindern unter 16 um 56 und 84 Euro pro Woche teurer.<\/p>\n<img decoding=\"async\" class=\"size-large wp-image-1582\" src=\"https:\/\/www.parkplatzvergleich.de\/blog\/wp-content\/uploads\/2017\/09\/summer-2464111_1920-1024x575.jpg\" alt=\"Von Rekord zu Rekord: Immer mehr Touris tummeln sich auf den Balearen und die Einheimischen sind nicht begeistert! Foto: Pixabay\"  height=\"373\" srcset=\"https:\/\/www.parkplatzvergleich.de\/blog\/wp-content\/uploads\/2017\/09\/summer-2464111_1920-1024x575.jpg 1024w, https:\/\/www.parkplatzvergleich.de\/blog\/wp-content\/uploads\/2017\/09\/summer-2464111_1920-300x169.jpg 300w, https:\/\/www.parkplatzvergleich.de\/blog\/wp-content\/uploads\/2017\/09\/summer-2464111_1920-768x432.jpg 768w, https:\/\/www.parkplatzvergleich.de\/blog\/wp-content\/uploads\/2017\/09\/summer-2464111_1920-660x371.jpg 660w, https:\/\/www.parkplatzvergleich.de\/blog\/wp-content\/uploads\/2017\/09\/summer-2464111_1920.jpg 1920w\" sizes=\"(max-width: 1024px) 100vw, 1024px\" \/>\n<h2>Auswirkungen der Steuer sind schwer absehbar<\/h2>\n<p>Die Regierung der Balearen hatte darauf verwiesen, dass die Steuer im vergangenen Jahr gut angenommen wurde und keine negative Folgen auf das Buchungsverhalten der Urlauber zu bemerken sei. Vor diesem Hintergrund habe man die Steuer nun nach oben korrigiert. Der Touristenansturm halte weiter an und das habe nat\u00fcrlich auch folgen f\u00fcr die Umwelt, argumentiert die Regierung. Die Einnahmen sollen in wichtige Projekte flie\u00dfen, die Nachhaltigkeit, Infrastruktur und Innovationen f\u00f6rdern sollen. Die Opposition auf den Balearen kritisierte jedoch, dass die Touristensteuer vor allem aufgrund der steigenden Ablehnung der Touristen begr\u00fcndet sei. Ein Trend, der sich in ganz Spanien breit macht und als Tourismusphobie bezeichnet wird.<\/p>\n<p>Der Ausdruck wurde nach einer Reihe von Zwischenf\u00e4llen in ganz Spanien verwendet. Beispielsweise wurde bei Demonstrationen im Juli <a href=\"https:\/\/www.parkplatzvergleich.de\/blog\/reiseziel-barcelona-tipps-fuer-den-perfekten-kurztrip-952.html\">in Barcelona<\/a> einen Touristenbus angriffen. Auf Mallorca wurden tagelang in einem Restaurant in der mallorquinischen Hauptstadt Palma Konfetti \u00fcber Urlauber verstreut. Die Vorkommnisse fallen in eine Zeit, in der Spanien in den ersten sieben Monaten des Jahres einen neuen Allzeit-Rekord an Touristen erreicht: 46,9 Millionen. Das ist ein Anstieg um satte 10,5 Millionen Urlauber landesweit gegen\u00fcber dem Vorjahr. Im letzten Monat nach erneuten Protesten in Spanien, als die Demonstranten mit Kapuze in Bilbao leuchtend rote Farbe \u00fcber das Hauptquartier des Fremdenverkehrsverbandes des Baskenlandes verspr\u00fchten, hat Premierminister Mariano Rajoy sie als radikale Extremisten bezeichnet, wie f\u00fchrende Medien in Europa berichten.<\/p>\n<p>Als sich der Regierungschef mit den Sorgen seiner B\u00fcrger befasste, die in verschiedenen Teilen Spaniens, insbesondere aber in Barcelona und den Balearen, auf die Stra\u00dfe gingen, sagte er: &#8222;Ich wei\u00df nicht, ob wir Touristen mit Plakaten empfangen m\u00fcssen, auf denen \u201eWillkommen, Herr Tourist\u201c steht. Aber was wir sicher auf keinen Fall tun k\u00f6nnen, ist die Leute zu verpr\u00fcgeln, die hier herkommen und ihr Geld ausgeben wollen. &#8222;Das scheint mir verr\u00fcckt zu sein\u201c, so Rajoy.<\/p>\n<h2>Die Touristensteuer auf Mallorca ganz leicht wieder reinholen<\/h2>\n<p>Die \u00d6kotaxe, die bei eurem n\u00e4chsten Mallorca-Urlaub anf\u00e4llt, k\u00f6nnt Ihr ohne Probleme wieder hereinholen, indem Ihr einfach an anderer Stelle kr\u00e4ftig spart. Wenn es demn\u00e4chst zu eurem Herbsturlaub auf die Balearen geht und Ihr f\u00fcr euer Auto einen Parkplatz ben\u00f6tigt, <a href=\"https:\/\/www.parkplatzvergleich.de\/parkplatz_suche.php\">sucht Ihr euren Parkplatz in der N\u00e4he des Flughafens<\/a> vorab bequem bei Parkplatzvergleich.de aus. Wir haben die g\u00fcnstigsten und besten Stellpl\u00e4tze in unmittelbarer N\u00e4he zum Airport wie beispielsweise <a href=\"https:\/\/www.parkplatzvergleich.de\/parken-flughafen-duesseldorf\/\">dem Flughafen D\u00fcsseldorf im Angebot<\/a>. Diese Pl\u00e4tze sind meistens viel g\u00fcnstiger als die Parkm\u00f6glichkeiten direkt an den Terminals. Auf diese Weise habt Ihr unter Umst\u00e4nden die Tourismussteuer auf den Balearen locker wieder drin!<\/p>\n<p><span style=\"border-radius: 2px; text-indent: 20px; width: auto; padding: 0px 4px 0px 0px; text-align: center; font: bold 11px\/20px 'Helvetica Neue',Helvetica,sans-serif; color: #ffffff; background: #bd081c  no-repeat scroll 3px 50% \/ 14px 14px; position: absolute; opacity: 1; z-index: 8675309; display: none; cursor: pointer; top: 1307px; left: 20px;\">Merken<\/span><\/p>\n","protected":false},"excerpt":{"rendered":"<p>Wir lieben Mallorca, Ibiza, Menorca und Co. als zuverl\u00e4ssige Urlaubsziele im Sommer. Sonne, Strand und Meer sind nur etwas mehr als zwei Flugstunden von Deutschland entfernt. Die Balearen eilen deshalb Jahr f\u00fcr Jahr von Besucherrekord zu Besucherrekord. Das hat auch viele Schattenseiten wie beispielsweise eine hohe Belastung f\u00fcr die Umwelt. Die Regierung hat deshalb im [&hellip;]<\/p>\n","protected":false},"author":5,"featured_media":1583,"comment_status":"open","ping_status":"open","sticky":false,"template":"","format":"standard","meta":{"footnotes":""},"categories":[4,35],"tags":[282,215,298,247,208,209],"class_list":["post-1579","post","type-post","status-publish","format-standard","has-post-thumbnail","hentry","category-news","category-reisen","tag-mallorca","tag-reisen","tag-spanien","tag-urlaub","tag-urlaubsreisen","tag-urlaubsreisen-mit-dem-flugzeug"],"aioseo_notices":[],"_links":{"self":[{"href":"https:\/\/www.parkplatzvergleich.de\/blog\/wp-json\/wp\/v2\/posts\/1579","targetHints":{"allow":["GET"]}}],"collection":[{"href":"https:\/\/www.parkplatzvergleich.de\/blog\/wp-json\/wp\/v2\/posts"}],"about":[{"href":"https:\/\/www.parkplatzvergleich.de\/blog\/wp-json\/wp\/v2\/types\/post"}],"author":[{"embeddable":true,"href":"https:\/\/www.parkplatzvergleich.de\/blog\/wp-json\/wp\/v2\/users\/5"}],"replies":[{"embeddable":true,"href":"https:\/\/www.parkplatzvergleich.de\/blog\/wp-json\/wp\/v2\/comments?post=1579"}],"version-history":[{"count":5,"href":"https:\/\/www.parkplatzvergleich.de\/blog\/wp-json\/wp\/v2\/posts\/1579\/revisions"}],"predecessor-version":[{"id":1587,"href":"https:\/\/www.parkplatzvergleich.de\/blog\/wp-json\/wp\/v2\/posts\/1579\/revisions\/1587"}],"wp:featuredmedia":[{"embeddable":true,"href":"https:\/\/www.parkplatzvergleich.de\/blog\/wp-json\/wp\/v2\/media\/1583"}],"wp:attachment":[{"href":"https:\/\/www.parkplatzvergleich.de\/blog\/wp-json\/wp\/v2\/media?parent=1579"}],"wp:term":[{"taxonomy":"category","embeddable":true,"href":"https:\/\/www.parkplatzvergleich.de\/blog\/wp-json\/wp\/v2\/categories?post=1579"},{"taxonomy":"post_tag","embeddable":true,"href":"https:\/\/www.parkplatzvergleich.de\/blog\/wp-json\/wp\/v2\/tags?post=1579"}],"curies":[{"name":"wp","href":"https:\/\/api.w.org\/{rel}","templated":true}]}}