{"id":175,"date":"2014-06-14T17:13:18","date_gmt":"2014-06-14T16:13:18","guid":{"rendered":"http:\/\/www.parkplatzvergleich.de\/blog\/?p=175"},"modified":"2019-11-05T19:22:08","modified_gmt":"2019-11-05T18:22:08","slug":"steht-der-luebecker-flughafen-vor-dem-aus","status":"publish","type":"post","link":"https:\/\/www.parkplatzvergleich.de\/blog\/steht-der-luebecker-flughafen-vor-dem-aus-175.html","title":{"rendered":"Steht der L\u00fcbecker Flughafen vor dem Aus?"},"content":{"rendered":"<p><img decoding=\"async\" class=\"alignnone wp-image-554 size-full\" src=\"https:\/\/www.parkplatzvergleich.de\/blog\/wp-content\/uploads\/2014\/06\/Geschlossen.jpg\" alt=\"\" width=\"600\" height=\"350\" srcset=\"https:\/\/www.parkplatzvergleich.de\/blog\/wp-content\/uploads\/2014\/06\/Geschlossen.jpg 600w, https:\/\/www.parkplatzvergleich.de\/blog\/wp-content\/uploads\/2014\/06\/Geschlossen-300x175.jpg 300w\" sizes=\"(max-width: 600px) 100vw, 600px\" \/><br \/>\nWas sich zuerst als Ger\u00fccht erwies, ist nun bittere Wahrheit. Der \u00e4gyptische Investor Rady Amar hat seine Anteile an dem Flughafen L\u00fcbeck vollkommen unbemerkt an einen neuen Investor verkauft. Wer dieser neue Besitzer ist, wei\u00df bislang noch niemand. Es ist noch nicht lange her, genauer gesagt erst seit dem Jahre 2012, als Rady Amar noch mit gro\u00dfen Versprechungen die Zukunft des <a href=\"https:\/\/www.parkplatzvergleich.de\/flughafen_luebeck.php\">L\u00fcbecker Flughafens<\/a> in neue Bahnen lenken wollte. Geplant waren Investitionen von mehreren Millionen. Damals kaufte der \u00c4gypter den Flughafen f\u00fcr nur einen Euro.<\/p>\n<h2>Was geschieht mit den Mitarbeitern des Flughafen L\u00fcbeck?<\/h2>\n<p>Die Zukunft der Mitarbeiter des L\u00fcbecker Flughafens steht nunmehr in den Sternen. Sie bangen um ihre Arbeitspl\u00e4tze und nat\u00fcrlich um ihren Lohn. Die Zahlung f\u00fcr den Monatslohn M\u00e4rz wurde bereits versp\u00e4tet ausbezahlt und den Lohn f\u00fcr April haben die Mitarbeiter noch nicht erhalten.<\/p>\n<p>Bislang hat der L\u00fcbecker Flughafen noch keinen Kontakt zu dem neuen Gesch\u00e4ftsf\u00fchrer Herrn Adam Wagner aufbauen k\u00f6nnen. Auch der neue Prokurist Herr Michael Gl\u00fcck konnte nicht ausfindig gemacht werden.<\/p>\n<p>Mittlerweile hat sich das Oberverwaltungsgericht und das Land Schleswig-Holstein eingeschaltet und versucht an neue Informationen ranzukommen.<\/p>\n<p>Die Mitarbeiter wollen den Flughafen L\u00fcbeck erhalten und sehen darin durchaus eine Zukunft. Mit einer Pressemitteilung appellierten sie an den neuen Besitzer des Flughafens.<\/p>\n<p><small>Quelle: http:\/\/www.airportzentrale.de\/flughafen-luebeck-neuer-geschaeftsfuehrer-meldet-sich-nicht-mitarbeiter-warten-auf-loehne\/32472\/<\/small><\/p>\n","protected":false},"excerpt":{"rendered":"<p>Was sich zuerst als Ger\u00fccht erwies, ist nun bittere Wahrheit. Der \u00e4gyptische Investor Rady Amar hat seine Anteile an dem Flughafen L\u00fcbeck vollkommen unbemerkt an einen neuen Investor verkauft. Wer dieser neue Besitzer ist, wei\u00df bislang noch niemand. Es ist noch nicht lange her, genauer gesagt erst seit dem Jahre 2012, als Rady Amar noch [&hellip;]<\/p>\n","protected":false},"author":1,"featured_media":554,"comment_status":"open","ping_status":"open","sticky":false,"template":"","format":"standard","meta":{"footnotes":""},"categories":[328,4],"tags":[96,95,97],"class_list":["post-175","post","type-post","status-publish","format-standard","has-post-thumbnail","hentry","category-flughaefen","category-news","tag-flughafen-vor-dem-aus","tag-luebecker-flughafen","tag-schliessung"],"aioseo_notices":[],"_links":{"self":[{"href":"https:\/\/www.parkplatzvergleich.de\/blog\/wp-json\/wp\/v2\/posts\/175","targetHints":{"allow":["GET"]}}],"collection":[{"href":"https:\/\/www.parkplatzvergleich.de\/blog\/wp-json\/wp\/v2\/posts"}],"about":[{"href":"https:\/\/www.parkplatzvergleich.de\/blog\/wp-json\/wp\/v2\/types\/post"}],"author":[{"embeddable":true,"href":"https:\/\/www.parkplatzvergleich.de\/blog\/wp-json\/wp\/v2\/users\/1"}],"replies":[{"embeddable":true,"href":"https:\/\/www.parkplatzvergleich.de\/blog\/wp-json\/wp\/v2\/comments?post=175"}],"version-history":[{"count":6,"href":"https:\/\/www.parkplatzvergleich.de\/blog\/wp-json\/wp\/v2\/posts\/175\/revisions"}],"predecessor-version":[{"id":556,"href":"https:\/\/www.parkplatzvergleich.de\/blog\/wp-json\/wp\/v2\/posts\/175\/revisions\/556"}],"wp:featuredmedia":[{"embeddable":true,"href":"https:\/\/www.parkplatzvergleich.de\/blog\/wp-json\/wp\/v2\/media\/554"}],"wp:attachment":[{"href":"https:\/\/www.parkplatzvergleich.de\/blog\/wp-json\/wp\/v2\/media?parent=175"}],"wp:term":[{"taxonomy":"category","embeddable":true,"href":"https:\/\/www.parkplatzvergleich.de\/blog\/wp-json\/wp\/v2\/categories?post=175"},{"taxonomy":"post_tag","embeddable":true,"href":"https:\/\/www.parkplatzvergleich.de\/blog\/wp-json\/wp\/v2\/tags?post=175"}],"curies":[{"name":"wp","href":"https:\/\/api.w.org\/{rel}","templated":true}]}}