{"id":1906,"date":"2018-05-18T09:47:39","date_gmt":"2018-05-18T08:47:39","guid":{"rendered":"https:\/\/www.parkplatzvergleich.de\/blog\/?p=1906"},"modified":"2019-11-05T19:00:51","modified_gmt":"2019-11-05T18:00:51","slug":"die-besten-straende-mallorcas-buchten-zum-verlieben","status":"publish","type":"post","link":"https:\/\/www.parkplatzvergleich.de\/blog\/die-besten-straende-mallorcas-buchten-zum-verlieben-1906.html","title":{"rendered":"Die besten Str\u00e4nde Mallorcas: Buchten zum Verlieben!"},"content":{"rendered":"<img decoding=\"async\" class=\"size-large wp-image-1909\" src=\"https:\/\/www.parkplatzvergleich.de\/blog\/wp-content\/uploads\/2018\/05\/calo-des-moro-947612_1920-1024x576.jpg\" alt=\"Badebucht: Die sch\u00f6nsten Str\u00e4nde Mallorca wurden auch in diesem Jahr wieder ausgezeichnet. Foto: Pixabay\"  height=\"374\" srcset=\"https:\/\/www.parkplatzvergleich.de\/blog\/wp-content\/uploads\/2018\/05\/calo-des-moro-947612_1920-1024x576.jpg 1024w, https:\/\/www.parkplatzvergleich.de\/blog\/wp-content\/uploads\/2018\/05\/calo-des-moro-947612_1920-300x169.jpg 300w, https:\/\/www.parkplatzvergleich.de\/blog\/wp-content\/uploads\/2018\/05\/calo-des-moro-947612_1920-768x432.jpg 768w, https:\/\/www.parkplatzvergleich.de\/blog\/wp-content\/uploads\/2018\/05\/calo-des-moro-947612_1920-660x371.jpg 660w, https:\/\/www.parkplatzvergleich.de\/blog\/wp-content\/uploads\/2018\/05\/calo-des-moro-947612_1920.jpg 1920w\" sizes=\"(max-width: 1024px) 100vw, 1024px\" \/>\n<p><strong>Die Ferieninsel Mallorca ist bekannt f\u00fcr ihre herrlichen Sandstr\u00e4nde. Jedes Jahr locken die idyllischen Buchten mit glasklarem, t\u00fcrkisem Wasser und feinem Sand Millionen von Touristen aus Deutschland an. Wie jedes Jahr im Mai hat die spanische Vereinigung f\u00fcr Umwelt- und Verbraucherschutz (Adeac) k\u00fcrzlich das Ranking der ressourcenschonendsten, benutzerfreundlichsten und saubersten Str\u00e4nde in ganz Spanien bekannt gegeben. Dazu geh\u00f6ren nat\u00fcrlich auch die besten Str\u00e4nde Mallorcas.<\/strong><\/p>\n<p>Sommerzeit ist Mallorca-Reisezeit. Millionen von Touristen kommen jedes Jahr auf die Baleareninsel und verbringen hier in den gro\u00dfen Ferien mit Kind und Kegel <a href=\"https:\/\/www.parkplatzvergleich.de\/blog\/sommerurlaub-2017-unsere-6-top-ziele-fuer-die-perfekte-reise-1377.html\">den Sommerurlaub<\/a>. Mallorca \u00e4chzt und platzt vor Urlaubern aus allen N\u00e4hten. Die Reisenden sch\u00e4tzen die Mittelmeerinsel besonders f\u00fcr das milde Klima, die wundersch\u00f6ne Landschaft und nat\u00fcrlich allen voran f\u00fcr die traumhaften Buchten und Sandstr\u00e4nde mit herrlichem, t\u00fcrkisem Wasser, die es rund um die gesamte Insel gibt. Aber wie die meisten K\u00fcsten weltweit k\u00e4mpfen auch die mallorquinischen Str\u00e4nde mit Verschmutzung und dem gro\u00dfen Ansturm von Urlaubern. Deshalb k\u00fcrt die spanische Vereinigung f\u00fcr Umwelt- und Verbraucherschutz (Adeac) jedes Jahr die Str\u00e4nde, die mit den Problemen am Besten umgehen und dementsprechend besonders empfehlenswert f\u00fcr Einheimische und Urlauber sind.<\/p>\n<h2>Das G\u00fctesiegel \u201eBand Azul\u201c zeichnet die besten Str\u00e4nde Mallorcas aus<\/h2>\n<p>In diesem Jahr haben 32 Str\u00e4nde auf Mallorca das G\u00fctesiegel \u201eBand Azul\u201c erhalten, was auf deutsch so viel hei\u00dft wie \u201eblaue Flagge\u201c. Laut der Website der Organisation wurde das Umweltlabel nach vier Kriterien vergeben: Umweltinformation und Bildung, Wasserqualit\u00e4t, Umweltmanagement sowie Sicherheit und Service. Umweltinformationen \u00fcber die einzelnen Str\u00e4nde sollen etwa durch Tafeln an die Besucher vermittelt werden, auf denen sie Infos zum Strand, K\u00fcsten\u00f6kosystemen und etwaigen, in der N\u00e4he gelegenen Naturschutzgebieten erhalten. In den Badegew\u00e4ssern muss w\u00e4hrend der vorigen Badesaison durchweg an allen Probestellen hervorragende Wasserqualit\u00e4t vorgeherrscht haben. Sie m\u00fcssen also gem\u00e4\u00df von Badegew\u00e4sserrichtlinien ausgezeichnet sein. Im Bereich des Umweltmanagements k\u00f6nnen Str\u00e4nde punkten, indem sie besonders sauber sind, angemessen f\u00fcr die Entsorgung der Abf\u00e4lle sorgen und \u00f6ffentliche Toiletten besitzen. Und auch der Sicherheitsaspekt muss gro\u00df geschrieben werden: Buchten und Str\u00e4nde m\u00fcssen leicht und sicher zug\u00e4nglich sein. Au\u00dferdem muss es materielle und menschliche Ressourcen f\u00fcr die Sicherheit und Erste Hilfe geben. Immerhin erf\u00fcllen 32 von insgesamt 207 Str\u00e4nden auf Mallorca diese hohen Anforderungen und sind demnach besonders empfehlenswert f\u00fcr den kommenden Sommerurlaub.<\/p>\n<img decoding=\"async\" class=\"size-large wp-image-1910\" src=\"https:\/\/www.parkplatzvergleich.de\/blog\/wp-content\/uploads\/2018\/05\/sea-1640612_1920-1024x576.jpg\" alt=\"Abgelegene Bucht auf Mallorca. Foto: Pixabay\"  height=\"374\" srcset=\"https:\/\/www.parkplatzvergleich.de\/blog\/wp-content\/uploads\/2018\/05\/sea-1640612_1920-1024x576.jpg 1024w, https:\/\/www.parkplatzvergleich.de\/blog\/wp-content\/uploads\/2018\/05\/sea-1640612_1920-300x169.jpg 300w, https:\/\/www.parkplatzvergleich.de\/blog\/wp-content\/uploads\/2018\/05\/sea-1640612_1920-768x432.jpg 768w, https:\/\/www.parkplatzvergleich.de\/blog\/wp-content\/uploads\/2018\/05\/sea-1640612_1920-660x371.jpg 660w, https:\/\/www.parkplatzvergleich.de\/blog\/wp-content\/uploads\/2018\/05\/sea-1640612_1920.jpg 1920w\" sizes=\"(max-width: 1024px) 100vw, 1024px\" \/>\n<h2>Welche Str\u00e4nde auf Mallorca haben das G\u00fctesiegel bekommen?<\/h2>\n<p>L\u00e4ngst nicht jeder Strand auf Mallorca hat Bestnoten erhalten. Deshalb haben wir hier die \u00dcbersicht, welche Buchten auf Mallorca in <a href=\"https:\/\/www.parkplatzvergleich.de\/blog\/billiger-urlaub-9-tipps-wie-ihr-guenstig-in-die-sonne-kommt-1554.html\">eurem n\u00e4chsten Urlaub<\/a> besonders empfehlenswert sind. Laut der Website von \u201eBandera Azul\u201c haben die folgenden Str\u00e4nde in diesem Jahr ein G\u00fctesiegel erhalten:<\/p>\n<h3>Palma de Mallorca<\/h3>\n<p>Cala Major<br \/>\nCala Estancia<\/p>\n<h3>Calvi\u00e1<\/h3>\n<p>Es Carregador<br \/>\nPalmanova<br \/>\nSon Maties<br \/>\nIlletes<br \/>\nCala Contesa<br \/>\nPeguera Tor\u00e0<\/p>\n<h3>Andratx<\/h3>\n<p>Sant Elm<\/p>\n<h3>Pollen\u00e7a<\/h3>\n<p>Cala Molins<br \/>\nCala Barques<br \/>\nFormentor<\/p>\n<h3>Muro<\/h3>\n<p>Muro<\/p>\n<h3>Santa Margalida<\/h3>\n<p>Can Picafort<br \/>\nSon Baul\u00f3<br \/>\nSon Serra de Marina<\/p>\n<h3>Capdepera<\/h3>\n<p>Cala Agulla<br \/>\nCanyamel<br \/>\nCala Mesquida<br \/>\nFont de Sa Cala<\/p>\n<h3>Son Servera<\/h3>\n<p>Cala Millor-Son Servera<br \/>\nEs Ribell<\/p>\n<h3>Sant Lloren\u00e7 des Cardassar<\/h3>\n<p>Cala Millor<br \/>\nSa Coma<\/p>\n<h3>Felanitx<\/h3>\n<p>Cala Mar\u00e7al<br \/>\nCala Ferrera<br \/>\nPorto Colom (Platja S\u2019Arenal)<br \/>\nCala Sa Nau<\/p>\n<h3>Santany\u00ed<\/h3>\n<p>Cala Gran<br \/>\nCala Mondrag\u00f3 (Sa Font de n\u2019Al\u00eds)<br \/>\nCala Santany\u00ed<\/p>\n<h3>Ses Salines<\/h3>\n<p>Es Dol\u00e7 (Es Port)<\/p>\n<p>Zu den gr\u00f6\u00dften Verlierern bei der Vergabe des Bandera Azul geh\u00f6rt jedoch der Stadtstrand der Inselhauptstadt Palma. Dort wurde bereits im vergangenen Jahr sehr viel Plastikm\u00fcll angesp\u00fclt, sodass der Strand im vergangenen Jahr die Auszeichnung verloren hat. Und in diesem Jahr hat die Bucht erst gar keinen Award bekommen.<\/p>\n<h2>Die sch\u00f6nsten Str\u00e4nde Mallorcas sind rund um die Insel gelegen<\/h2>\n<p>Die gute Nachricht f\u00fcr Urlauber ist: Die sch\u00f6nsten Str\u00e4nde Mallorcas sind an allen Ecken der Insel gelegen und somit von den meisten Ferienorten aus gut erreichbar. Im S\u00fcdwesten im malerischen Sant Elm an der Isla Dragonera ebenso wie in Paguera. Erstaunlicherweise hat der beliebte und malerische Strand von Cala Fornells keine Auszeichnung bekommen. \u00dcber die genauen Gr\u00fcnde hierf\u00fcr ist nichts bekannt.<\/p>\n<img decoding=\"async\" class=\"size-large wp-image-1911\" src=\"https:\/\/www.parkplatzvergleich.de\/blog\/wp-content\/uploads\/2018\/05\/IMG_5051-1024x768.jpg\" alt=\"\u00dcberall auf Mallorca finden sich Str\u00e4nde, die einfach zum Baden einladen. Foto: Sascha Tegtmeyer\"  height=\"499\" srcset=\"https:\/\/www.parkplatzvergleich.de\/blog\/wp-content\/uploads\/2018\/05\/IMG_5051-1024x768.jpg 1024w, https:\/\/www.parkplatzvergleich.de\/blog\/wp-content\/uploads\/2018\/05\/IMG_5051-300x225.jpg 300w, https:\/\/www.parkplatzvergleich.de\/blog\/wp-content\/uploads\/2018\/05\/IMG_5051-768x576.jpg 768w, https:\/\/www.parkplatzvergleich.de\/blog\/wp-content\/uploads\/2018\/05\/IMG_5051-660x495.jpg 660w, https:\/\/www.parkplatzvergleich.de\/blog\/wp-content\/uploads\/2018\/05\/IMG_5051.jpg 2048w\" sizes=\"(max-width: 1024px) 100vw, 1024px\" \/>\n<p>Besonders viele sch\u00f6ne Buchten befinden sich auch an der gesamten Ostk\u00fcste Mallorcas. Dort sind einige der sch\u00f6nsten Buchten der Insel gelegen. Dort befindet sich etwa der ausgezeichnete Strand von Cala Sa Nau. Er ist der Inbegriff einer idyllischen, traumhaften Mittelmeerbucht. Das Problem ist jedoch, dass an gut besuchten Tagen geradezu chaotische Zust\u00e4nde an dem wundersch\u00f6nen Fleckchen herrschen. Dass Badeg\u00e4ste in Sto\u00dfzeiten am Strand keinen Fu\u00df mehr an den Boden bekommen, ist da eher das kleinere Problem. Die Parkplatzsituation in den engen Zufahrtsstra\u00dfen der Bucht ist derma\u00dfen angespannt, dass es gelegentlich ein regelrechtes Verkehrschaos gibt, bei dem es kein vor und kein zur\u00fcck mehr gibt.<\/p>\n<p>Etwas weiter n\u00f6rdlich im Nordosten der Insel befindet sich bei Cala Ratjada die Bucht Cala Agulla. Sie ist deutlich angenehmer zu erreichen und in der Regel etwas weniger besucht. Direkt daneben und nur zu Fu\u00df zu erreichen liegt die Bucht Cala Molt\u00f3. Sie ist wirklich eine lohnende Alternative zu den teils sehr \u00fcberlaufenen Buchten auf Mallorca. Wer abenteuerlustig ist und mit einem Mietwagen auf Mallorca unterwegs ist, kann auch gut und gerne auf Entdeckungstour gehen, um eine ganz individuelle Lieblingsbucht zu entdecken.<\/p>\n<h2>Mallorca: Str\u00e4nde zum Tr\u00e4umen und Touristenansturm<\/h2>\n<p>Die Str\u00e4nde und Buchten Mallorcas geh\u00f6ren zu den sch\u00f6nsten im ganzen Mittelmeer, da gibt es gar keinen Zweifel. Landschaftlich ist die Insel einfach einzigartig. Nicht ohne Grund kommen jedes Jahr Millionen von Touristen auf die Balearen. Das hat jedoch auch seine Schattenseiten: Mallorca erstickt geradezu in den Touristenmassen. Jedes Jahr zeichnen sich neue Besucherrekorde ab. Die Regierung versucht deshalb, Ma\u00dfnahmen zu ergreifen und hat beispielsweise eine <a href=\"https:\/\/www.parkplatzvergleich.de\/blog\/mallorca-tourismussteuer-auf-den-balearen-verdoppelt-1579.html\">Tourismussteuer auf Mallorca<\/a> eingef\u00fchrt. Landesweit gibt es immer wieder Proteste von Einwohnern gegen den Massentourismus. Und auch f\u00fcr die Urlauber selbst ist der hohe Besucherfrequenz nat\u00fcrlich eher unangenehm. Wer hingegen Ruhe sucht und f\u00fcr sich allein sein m\u00f6chte, sollte es einmal mit einem <a href=\"https:\/\/www.parkplatzvergleich.de\/blog\/mallorca-mal-anders-erleben-3-top-tipps-fuer-den-fruehling-1167.html\">Urlaub auf Mallorca im Fr\u00fchling<\/a> versuchen. Dann hat man die wundersch\u00f6nen &#8211; und mit dem blauen Band ausgezeichneten &#8211; Str\u00e4nde noch weitestgehend f\u00fcr sich allein.<\/p>\n","protected":false},"excerpt":{"rendered":"<p>Die Ferieninsel Mallorca ist bekannt f\u00fcr ihre herrlichen Sandstr\u00e4nde. Jedes Jahr locken die idyllischen Buchten mit glasklarem, t\u00fcrkisem Wasser und feinem Sand Millionen von Touristen aus Deutschland an. Wie jedes Jahr im Mai hat die spanische Vereinigung f\u00fcr Umwelt- und Verbraucherschutz (Adeac) k\u00fcrzlich das Ranking der ressourcenschonendsten, benutzerfreundlichsten und saubersten Str\u00e4nde in ganz Spanien bekannt [&hellip;]<\/p>\n","protected":false},"author":5,"featured_media":1909,"comment_status":"open","ping_status":"open","sticky":false,"template":"","format":"standard","meta":{"footnotes":""},"categories":[35],"tags":[282,215,247,208,209],"class_list":["post-1906","post","type-post","status-publish","format-standard","has-post-thumbnail","hentry","category-reisen","tag-mallorca","tag-reisen","tag-urlaub","tag-urlaubsreisen","tag-urlaubsreisen-mit-dem-flugzeug"],"aioseo_notices":[],"_links":{"self":[{"href":"https:\/\/www.parkplatzvergleich.de\/blog\/wp-json\/wp\/v2\/posts\/1906","targetHints":{"allow":["GET"]}}],"collection":[{"href":"https:\/\/www.parkplatzvergleich.de\/blog\/wp-json\/wp\/v2\/posts"}],"about":[{"href":"https:\/\/www.parkplatzvergleich.de\/blog\/wp-json\/wp\/v2\/types\/post"}],"author":[{"embeddable":true,"href":"https:\/\/www.parkplatzvergleich.de\/blog\/wp-json\/wp\/v2\/users\/5"}],"replies":[{"embeddable":true,"href":"https:\/\/www.parkplatzvergleich.de\/blog\/wp-json\/wp\/v2\/comments?post=1906"}],"version-history":[{"count":3,"href":"https:\/\/www.parkplatzvergleich.de\/blog\/wp-json\/wp\/v2\/posts\/1906\/revisions"}],"predecessor-version":[{"id":1912,"href":"https:\/\/www.parkplatzvergleich.de\/blog\/wp-json\/wp\/v2\/posts\/1906\/revisions\/1912"}],"wp:featuredmedia":[{"embeddable":true,"href":"https:\/\/www.parkplatzvergleich.de\/blog\/wp-json\/wp\/v2\/media\/1909"}],"wp:attachment":[{"href":"https:\/\/www.parkplatzvergleich.de\/blog\/wp-json\/wp\/v2\/media?parent=1906"}],"wp:term":[{"taxonomy":"category","embeddable":true,"href":"https:\/\/www.parkplatzvergleich.de\/blog\/wp-json\/wp\/v2\/categories?post=1906"},{"taxonomy":"post_tag","embeddable":true,"href":"https:\/\/www.parkplatzvergleich.de\/blog\/wp-json\/wp\/v2\/tags?post=1906"}],"curies":[{"name":"wp","href":"https:\/\/api.w.org\/{rel}","templated":true}]}}