{"id":2571,"date":"2020-05-14T21:46:35","date_gmt":"2020-05-14T20:46:35","guid":{"rendered":"https:\/\/www.parkplatzvergleich.de\/blog\/?p=2571"},"modified":"2020-05-14T21:48:51","modified_gmt":"2020-05-14T20:48:51","slug":"mallorca-und-corona-urlaub-2020-im-sommer-moeglich","status":"publish","type":"post","link":"https:\/\/www.parkplatzvergleich.de\/blog\/mallorca-und-corona-urlaub-2020-im-sommer-moeglich-2571.html","title":{"rendered":"Mallorca und Corona: Urlaub 2020 im Sommer m\u00f6glich?"},"content":{"rendered":"\n<figure class=\"wp-block-image size-large\"><img decoding=\"async\" width=\"1024\" height=\"453\" src=\"https:\/\/www.parkplatzvergleich.de\/blog\/wp-content\/uploads\/2020\/05\/mallorca-corona-urlaub-2020-reisen-sommer-1024x453.jpeg\" alt=\"Reiseveranstalter, Hotels und Airlines sind startklar: Ist im Sommer ein Mallorca-Urlaub trotz Corona m\u00f6glich? Foto: vulcanus \/ Adobe Stock\" class=\"wp-image-2580\" srcset=\"https:\/\/www.parkplatzvergleich.de\/blog\/wp-content\/uploads\/2020\/05\/mallorca-corona-urlaub-2020-reisen-sommer-1024x453.jpeg 1024w, https:\/\/www.parkplatzvergleich.de\/blog\/wp-content\/uploads\/2020\/05\/mallorca-corona-urlaub-2020-reisen-sommer-768x340.jpeg 768w, https:\/\/www.parkplatzvergleich.de\/blog\/wp-content\/uploads\/2020\/05\/mallorca-corona-urlaub-2020-reisen-sommer.jpeg 1500w\" sizes=\"(max-width: 1024px) 100vw, 1024px\" \/><figcaption>Reiseveranstalter, Hotels und Airlines sind startklar: Ist im Sommer ein Mallorca-Urlaub trotz Corona m\u00f6glich? Foto: vulcanus \/ Adobe Stock<\/figcaption><\/figure>\n\n\n\n<p><strong>Der Tourismus auf Mallorca hat in der Corona-Krise einen herben R\u00fcckschlag hinnehmen m\u00fcssen. Hotels blieben geschlossen, der Flugverkehr auf die Insel wurde auf ein Minimum reduziert und f\u00fcr die Einwohner gab es f\u00fcr mehr als sieben Wochen eine Ausgangssperre. Viele Urlauber fragen sich aktuell: Wann wieder Mallorca trotz Corona-Pandemie? Ist ein Urlaub auf der Sonneninsel noch in diesem Sommer m\u00f6glich? Wir haben f\u00fcr Sie die wichtigsten Informationen rund um die Ferienplanung zusammengestellt.<\/strong><\/p>\n\n\n\n<p>Mallorca ist das liebste Reiseziel der Deutschen. Die spanische Insel im Mittelmeer zieht jedes Jahr Millionen von Urlaubern aus der ganzen Welt an \u2013 allein 2018 waren es 13,8 Millionen. Die Insel lockt f\u00fcr gew\u00f6hnlich mit viel Sonne, einer attraktiven Mittelmeerlandschaft und traumhaft sch\u00f6nen Str\u00e4nden. Zu Beginn der Saison 2020 blieben die Hotels jedoch geschlossen und die Besucher mangels vorhandener Flugverbindungen der Insel vorerst fern. Aus verschiedenen Richtungen hie\u00df es zuletzt, dass die Sommersaison auf <a href=\"https:\/\/www.parkplatzvergleich.de\/blog\/mallorca-mal-anders-erleben-3-top-tipps-fuer-den-fruehling-1167.html\">Mallorca<\/a> und an anderen Reisezielen in diesem Jahr trotz Corona stattfinden soll. Allerdings sind die bisherigen Ma\u00dfnahmen und Absichtsbekundungen eher \u00fcberschaubar. Die EU-Kommission hat sich der Thematik nun angenommen und k\u00f6nnte f\u00fcr Hoffnung bei Urlaubern sorgen. Fluggesellschaften, Hotels und Reiseveranstalter bereiten sich derweil schon auf die Saison vor \u2013 lediglich der Starttermin ist bisher noch nicht bekannt. Ab wann k\u00f6nnte denn der Mallorca-Urlaub trotz Corona in diesem Jahr m\u00f6glich sein?<\/p>\n\n\n\n<h2 class=\"wp-block-heading\">\u00dcberblick: Mallorcas Tourismus schwer vom Coronavirus getroffen<\/h2>\n\n\n\n<ul class=\"wp-block-list\"><li>w\u00e4hrend der ersten Welle der Coronavirus-Pandemie kam Mallorca mit 1.958 Infizierten, 1.492 Genesenen und 216 Todesf\u00e4llen (Stand 14. Mai 2020) im Vergleich zu anderen Regionen Europas bisher verh\u00e4ltnism\u00e4\u00dfig glimpflich durch die Krise<\/li><li>im Rahmen des landesweiten Shutdowns mussten die knapp 900.000 Einwohner der Insel zu Hause bleiben und durften das Haus f\u00fcr sieben Wochen nur aus triftigen Gr\u00fcnden verlassen<\/li><li>seit Mai 2020 wird der Lockdown auf der Insel langsam gelockert, Hotels, Restaurants und Freizeiteinrichtungen d\u00fcrfen unter starken Sicherheitsvorkehrungen wieder \u00f6ffnen<\/li><li>Urlauber hoffen derzeit, trotz Corona die Sommerferien auf Mallorca verbringen zu k\u00f6nnen<\/li><li>Politik, Reiseveranstalter, Airlines und Hotels arbeiten derzeit unter Hochdruck an Konzepten, um einen Sommerurlaub auf Mallorca trotz Corona zu erm\u00f6glichen<\/li><\/ul>\n\n\n\n<h2 class=\"wp-block-heading\">Mallorca und Corona: Wie ist der aktuelle Stand?<\/h2>\n\n\n\n<p>Die Zeit f\u00fcr den Tourismus auf Mallorca dr\u00e4ngt: In etwa einem Monat beginnen die Sommerferien in Spanien und auch erste deutsche Bundesl\u00e4nder d\u00fcrfen dann in den Urlaub starten. Dennoch ist die Situation rund um Reisen trotz Corona nach Mallorca derzeit verzwickt und un\u00fcbersichtlich: Seit Anfang Mai wurden die Ausgangsbeschr\u00e4nkungen auf der spanischen Urlaubsinsel sukzessive gelockert. Die Mallorquiner d\u00fcrfen seitdem immerhin wieder nach Belieben das Haus verlassen. Seit einigen Tagen k\u00f6nnen Hotels, Restaurants, Bars und Einzelhandelsgesch\u00e4fte wieder \u00f6ffnen. &#8222;Allein: Es fehlt die Kundschaft&#8220;, brachte es die <a rel=\"noreferrer noopener nofollow\" href=\"https:\/\/www.mallorcazeitung.es\/lokales\/2020\/05\/09\/mallorca-urlaub-panorama-voller-fragezeichen\/75669.html\" target=\"_blank\">Mallorca Zeitung<\/a> auf den Punkt. Aus diesem Grund w\u00fcrden Hotels vorerst weiterhin geschlossen bleiben. Lediglich vereinzelt haben einige Hotels wieder ge\u00f6ffnet \u2013 vorwiegend kleine Boutique Hotels mit wenigen Zimmern in der Region Palma. Den Hotelbetrieb in gro\u00dfem Stil wieder hochzufahren, macht aktuell noch keinen Sinn. <\/p>\n\n\n\n<p>Denn derzeit gibt es praktisch kaum Fl\u00fcge auf die Insel. Eine der gr\u00f6\u00dften H\u00fcrden f\u00fcr einen Mallorca-Urlaub ist derzeit die Einf\u00fchrung einer Quarant\u00e4ne durch die spanischen Beh\u00f6rden. Wer ab dem 15. Mai nach Mallorca (oder an jedweden Ort auf spanischem Terrain) einreisen m\u00f6chte, muss sich nach der Ankunft in eine 14t\u00e4gige Quarant\u00e4ne begeben \u2013 f\u00fcr Urlaubsreisen eine un\u00fcberwindbare H\u00fcrde, die im Land viel Kritik nach sich zog. Bereits jetzt gibt es jedoch schon Ausnahmeregelungen, die eine Einreise ohne Quarant\u00e4ne erm\u00f6glichen. Denkbar w\u00e4re es deshalb, dass diese Regelungen auch auf touristische Einreisen ausgeweitet werden.<\/p>\n\n\n\n<figure class=\"wp-block-image size-large\"><img decoding=\"async\" width=\"1024\" height=\"683\" src=\"https:\/\/www.parkplatzvergleich.de\/blog\/wp-content\/uploads\/2020\/05\/mallorca-corona-urlaub-2020-reisen-sommer-2-1024x683.jpeg\" alt=\"Die Restaurants und Caf\u00e9s auf Mallorca haben bereits wieder ge\u00f6ffnet, m\u00fcssen aber strikte Hygieneregeln einhalten. Foto: Adobe Stock \/ Sina Ettmer\" class=\"wp-image-2581\" srcset=\"https:\/\/www.parkplatzvergleich.de\/blog\/wp-content\/uploads\/2020\/05\/mallorca-corona-urlaub-2020-reisen-sommer-2-1024x683.jpeg 1024w, https:\/\/www.parkplatzvergleich.de\/blog\/wp-content\/uploads\/2020\/05\/mallorca-corona-urlaub-2020-reisen-sommer-2-768x512.jpeg 768w, https:\/\/www.parkplatzvergleich.de\/blog\/wp-content\/uploads\/2020\/05\/mallorca-corona-urlaub-2020-reisen-sommer-2.jpeg 1500w\" sizes=\"(max-width: 1024px) 100vw, 1024px\" \/><figcaption>Die Restaurants und Caf\u00e9s auf Mallorca haben bereits wieder ge\u00f6ffnet, m\u00fcssen aber strikte Hygieneregeln einhalten. Foto: Adobe Stock \/ Sina Ettmer<\/figcaption><\/figure>\n\n\n\n<p>Jetzt nimmt die Politik auf europ\u00e4ischer Ebene die Sache in die Hand und sorgt f\u00fcr Hoffnung bei allen Urlaubern. Die EU-Kommission hat sich am 13. Mai damit besch\u00e4ftigt, eine sichere und nachhaltige L\u00f6sung zu finden, um Reisen innerhalb Europas wieder m\u00f6glich zu machen. Demnach soll es anstatt umfangreicher Beschr\u00e4nkungen nur noch regionale Einschr\u00e4nkungen geben. Je nach Ausbreitungslage des Coronavirus w\u00e4ren dann Reisen zwischen zwei L\u00e4ndern m\u00f6glich, in denen es eine \u00e4hnlich starke Verbreitung von Sars-CoV-2 gibt. Dabei ging es explizit auch um die M\u00f6glichkeiten, den Tourismus in Spanien, Italien, Griechenland und den umliegenden L\u00e4ndern wieder hochzufahren und Ferieng\u00e4sten einen <a href=\"https:\/\/www.parkplatzvergleich.de\/blog\/urlaub-und-coronavirus-wann-kann-man-wieder-reisen-2542.html\">Urlaub trotz Corona<\/a> am Mittelmeer noch in diesem Jahr zu erm\u00f6glichen. <\/p>\n\n\n\n<p>W\u00e4hrend auf allen Ebenen geplant und verhandelt wird, k\u00f6nnte es zudem ein Abkommen zwischen den Balearen und Deutschland geben, um einen sicheren Korridor auf die Insel zu bilden, \u00fcber den Urlauber dann nach Mallorca reisen k\u00f6nnen. Die Inselregierung m\u00f6chte nach Informationen des Mallorca Magazins so schnell wie m\u00f6glich mit der Umsetzung entsprechender Ma\u00dfnahmen beginnen, um deutschen Urlaubern die Einreise nach Mallorca zu erm\u00f6glichen.<\/p>\n\n\n\n<h2 class=\"wp-block-heading\">Mittelmeer-Reisen: Airlines, Hotels und Reiseveranstalter sind startklar<\/h2>\n\n\n\n<p>Fluggesellschaften m\u00f6chten lieber heute als morgen mit Fl\u00fcgen nach Mallorca beginnen. Die Lufthansa nimmt bereits ab dem 01. Juni 2020 Fl\u00fcge auf die Balearen wieder auf. Eurowings h\u00e4lt derzeit einen Notbetrieb aufrecht und m\u00f6chte noch im Mai das Angebot wieder ausbauen. Der Notbetrieb ist jedoch nicht f\u00fcr Urlauber, sondern vor allem f\u00fcr Gesch\u00e4ftsreisende und alle Menschen gedacht, die aus sehr dringenden Gr\u00fcnden auf die Insel reisen m\u00fcssen. Der irische Konkurrent <a href=\"https:\/\/www.parkplatzvergleich.de\/blog\/ryanair-extrakosten-fuer-handgepaeck-ab-november-1592.html\">Ryanair<\/a> soll hingegen erst Ende Juni wieder auf die Balearen fliegen. Auch bei den Reiseveranstaltern laufen die Planungen auf Hochtouren: So geht der weltweit gr\u00f6\u00dfte Reisekonzern TUI laut einem Bericht der <a rel=\"noreferrer noopener nofollow\" href=\"https:\/\/www.bild.de\/geld\/wirtschaft\/wirtschaft\/tui-plant-kreuzfahrt-knueller-und-griechenland-und-mallorca-urlaub-70616258.bild.html\" target=\"_blank\">Bild-Zeitung<\/a> davon aus, dass ab Juli wieder Pauschalreisen nach Mallorca und in andere Urlaubsregionen am Mittelmeer wie Griechenland und Zypern m\u00f6glich sein werden. Laut TUI soll zuerst Griechenland wieder ins Programm genommen und f\u00fcr Reisen ab 01. Juli wieder buchbar sein. Urlaubern, die in den kommenden Wochen ihre Reise buchen wollen, sollen zudem gro\u00dfz\u00fcgige Storno-M\u00f6glichkeiten bis 14 Tage vor Abreise einger\u00e4umt werden. Zudem solle der <a href=\"https:\/\/www.parkplatzvergleich.de\/blog\/sommerurlaub-2017-unsere-6-top-ziele-fuer-die-perfekte-reise-1377.html\">Sommerurlaub<\/a> laut dem Konzern tendenziell eher g\u00fcnstiger als teurer werden. Auch der gro\u00dfe deutsche Reisekonzern FTI arbeitet hinter den Kulissen an einer Wiederaufnahme von Mallorca-Reisen und vielen weiteren Reisezielen in Europa \u2013 bereits ab Ende Juni soll es losgehen.<\/p>\n\n\n\n<p>Vor dem Mallorca-Urlaub 2020 den Parkplatz am Flughafen sichern<br>Zeitnah sollen die Flugkontingente nach Mallorca wieder deutlich erh\u00f6ht werden. Und in naher Zukunft d\u00fcrften auch wieder Pauschalreisen nach Mallorca gebucht werden k\u00f6nnen. Wer sich seinen Mallorca-Urlaub trotz Corona nicht entgehen lassen m\u00f6chte, sollte sich direkt nach der Buchung der Pauschalreise auch den <a href=\"https:\/\/www.parkplatzvergleich.de\/parkplatz_suche.php\">Parkplatz am Flughafen suchen<\/a> und sichern. Das Parken am <a href=\"https:\/\/www.parkplatzvergleich.de\/parken-flughafen-frankfurt\/\">Flughafen Frankfurt am Main<\/a>, das <a href=\"https:\/\/www.parkplatzvergleich.de\/parken-flughafen-muenchen\/\">Parken am Flughafen M\u00fcnchen<\/a>, das <a href=\"https:\/\/www.parkplatzvergleich.de\/parken-flughafen-duesseldorf\/\">Parken am Flughafen D\u00fcsseldorf<\/a> und an den vielen anderen Standorten in Deutschland d\u00fcrfte w\u00e4hrend der Sommerferien trotz der aktuellen Krisensituation nicht ganz g\u00fcnstig werden. Aus diesem Grund sollten Urlauber bei Parkplatzvergleich die Preise vergleichen und sich ihren favorisierten Stellplatz am Flughafen oder in der Umgebung fr\u00fchzeitig sichern.<\/p>\n\n\n\n<h2 class=\"wp-block-heading\">Fazit \u2013 Mallorca\/Corona: Urlaub 2020 noch nicht abgeschrieben?<\/h2>\n\n\n\n<p>Zusammenfassend kann man sagen, dass sich alle Beteiligten redlich bem\u00fchen, einen Sommerurlaub 2020 auf Mallorca und an anderen Mittelmeer-Reisezielen zu erm\u00f6glichen. Politik und Wirtschaft arbeiten mit Hochdruck daran, die Urlaubssaison 2020 auf Mallorca so fr\u00fch wie m\u00f6glich zu er\u00f6ffnen. Allerdings gibt es nach wie vor widerspr\u00fcchliche Aussagen dar\u00fcber, wann die Saison wirklich startet. Alle Sch\u00e4tzungen liegen zwischen Juni und August. Bis der Tourismus wieder voll hochgefahren ist, soll es nach Sch\u00e4tzungen von Experten sogar bis September und Oktober dauern. Vorerst gibt es also weiterhin leere <a href=\"https:\/\/www.parkplatzvergleich.de\/blog\/die-besten-straende-mallorcas-buchten-zum-verlieben-1906.html\">Str\u00e4nde auf Mallorca<\/a>. Kontraproduktiv und irritierend f\u00fcr die Wiederaufnahme der touristischen Aktivit\u00e4ten erscheint wiederum die Einf\u00fchrung einer Quarant\u00e4ne f\u00fcr alle, die aus dem Ausland nach Spanien einreisen und somit auch in die Urlaubsregionen. <\/p>\n\n\n\n<p>Wir k\u00f6nnen an dieser Stelle nur vermuten, dass diese Quarant\u00e4nema\u00dfnahmen zum Start der Urlaubssaison ausgesetzt werden, um einen entsprechenden touristischen Verkehr zu erm\u00f6glichen. Die drohende Quarant\u00e4ne d\u00fcrfte aktuell noch viele Reisende z\u00f6gern lassen, einen Urlaub trotz Corona auf Mallorca zu planen und zu buchen. Dass Mallorca-Reisen 2020 stattfinden k\u00f6nnen, erscheint unter den aktuellen Voraussetzungen jedoch sehr wahrscheinlich. Politik und Wirtschaft werden Reisen ans Mittelmeer und insbesondere nach Mallorca erm\u00f6glichen, um der bereits arg geschundenen Tourismuswirtschaft im S\u00fcden Europas neue Perspektiven zu geben.<\/p>\n","protected":false},"excerpt":{"rendered":"<p>Viele Urlauber fragen sich aktuell: Wann wieder Mallorca trotz Corona-Pandemie? Ist ein Urlaub auf der Sonneninsel noch in diesem Sommer m\u00f6glich? Wir haben f\u00fcr Sie die wichtigsten Informationen rund um die Ferienplanung zusammengestellt.<\/p>\n","protected":false},"author":5,"featured_media":2580,"comment_status":"open","ping_status":"open","sticky":false,"template":"","format":"standard","meta":{"footnotes":""},"categories":[35],"tags":[338,282,298,247],"class_list":["post-2571","post","type-post","status-publish","format-standard","has-post-thumbnail","hentry","category-reisen","tag-coronavirus","tag-mallorca","tag-spanien","tag-urlaub"],"aioseo_notices":[],"_links":{"self":[{"href":"https:\/\/www.parkplatzvergleich.de\/blog\/wp-json\/wp\/v2\/posts\/2571","targetHints":{"allow":["GET"]}}],"collection":[{"href":"https:\/\/www.parkplatzvergleich.de\/blog\/wp-json\/wp\/v2\/posts"}],"about":[{"href":"https:\/\/www.parkplatzvergleich.de\/blog\/wp-json\/wp\/v2\/types\/post"}],"author":[{"embeddable":true,"href":"https:\/\/www.parkplatzvergleich.de\/blog\/wp-json\/wp\/v2\/users\/5"}],"replies":[{"embeddable":true,"href":"https:\/\/www.parkplatzvergleich.de\/blog\/wp-json\/wp\/v2\/comments?post=2571"}],"version-history":[{"count":10,"href":"https:\/\/www.parkplatzvergleich.de\/blog\/wp-json\/wp\/v2\/posts\/2571\/revisions"}],"predecessor-version":[{"id":2583,"href":"https:\/\/www.parkplatzvergleich.de\/blog\/wp-json\/wp\/v2\/posts\/2571\/revisions\/2583"}],"wp:featuredmedia":[{"embeddable":true,"href":"https:\/\/www.parkplatzvergleich.de\/blog\/wp-json\/wp\/v2\/media\/2580"}],"wp:attachment":[{"href":"https:\/\/www.parkplatzvergleich.de\/blog\/wp-json\/wp\/v2\/media?parent=2571"}],"wp:term":[{"taxonomy":"category","embeddable":true,"href":"https:\/\/www.parkplatzvergleich.de\/blog\/wp-json\/wp\/v2\/categories?post=2571"},{"taxonomy":"post_tag","embeddable":true,"href":"https:\/\/www.parkplatzvergleich.de\/blog\/wp-json\/wp\/v2\/tags?post=2571"}],"curies":[{"name":"wp","href":"https:\/\/api.w.org\/{rel}","templated":true}]}}