{"id":348,"date":"2014-10-22T16:27:38","date_gmt":"2014-10-22T15:27:38","guid":{"rendered":"https:\/\/www.parkplatzvergleich.de\/blog\/?p=348"},"modified":"2019-11-05T19:20:43","modified_gmt":"2019-11-05T18:20:43","slug":"ex-bauleiter-koertgen-unschuldig-am-flop-des-pappenflughafens-ber","status":"publish","type":"post","link":"https:\/\/www.parkplatzvergleich.de\/blog\/ex-bauleiter-koertgen-unschuldig-am-flop-des-pappenflughafens-ber-348.html","title":{"rendered":"Ex-Bauleiter K\u00f6rtgen unschuldig am Flop des Pappenflughafens BER?"},"content":{"rendered":"<p><img decoding=\"async\" class=\"wp-image-418 size-full alignnone\" src=\"https:\/\/www.parkplatzvergleich.de\/blog\/wp-content\/uploads\/2014\/10\/Untersuchungsausschuss-BER.jpg\" alt=\"\" width=\"671\" height=\"447\" \/><\/p>\n<p>Einst hatte Manfred K\u00f6rtgen in den 90er Jahren den <a title=\"Flughafen D\u00fcsseldorf\" href=\"https:\/\/www.parkplatzvergleich.de\/parken-flughafen-duesseldorf\/\">Flughafen D\u00fcsseldorf<\/a> wieder auf Vordermann gebracht, nachdem dieser einem Brand zum Opfer gefallen ist. Dies sogar w\u00e4hrend des laufenden Betriebes, so hatte K\u00f6rtgen vor dem Untersuchungsausschuss ausdr\u00fccklich betont. <!--more-->Aufgrund dieses Erfolges hatte Manfred K\u00f6rtgen sich einen Namen gemacht, was ihm schlie\u00dflich nach Berlin f\u00fchrte, wo er den neuen <a title=\"Parken am Flughafen Berlin Brandenburg\" href=\"https:\/\/www.parkplatzvergleich.de\/parken-flughafen-berlin\/\">Flughafen Berlin Brandenburg<\/a> fertigstellen sollte. Nach mehreren Verschiebungen des Er\u00f6ffnungstermins und aufgrund desastr\u00f6ser technischer M\u00e4ngel in der Sicherheitstechnik der Brandmeldeanlage wurde jedoch im Mai 2012 entschieden, den obersten Bauleiter vonm BER abzuziehen, ein neuer Er\u00f6ffnungstermin ist bis heute noch immer nicht in Sicht. Doch wer tr\u00e4gt die Schuld daran? Etwa der 61-j\u00e4hrige Manfred K\u00f6rtgen?<\/p>\n<h2>K\u00f6rtgen muss sich als Hauptbeschuldigter rechtfertigen<\/h2>\n<p>Sowohl Manfred K\u00f6rtgen als auch der Ex-Chef Rainer Schwarz werden in der Klageschrift als Hauptschuldige angef\u00fchrt. Auch wenn K\u00f6rtgen lange innegehalten und eine Aussage verweigert hat, so ist es nun jedoch Zeit f\u00fcr eine Aussprache vor dem Untersuchungsausschuss.<\/p>\n<p>K\u00f6rtgen galt schon seit jeher als ein besonnener Mensch, den so schnell nichts aus der Ruhe bringen kann. Auch vor dem BER-Untersuchungsausschuss beh\u00e4lt er stets die Kontrolle. Doch die Fassade br\u00f6ckelt. Denn eine Woche zuvor hatte Thomas Weyer, K\u00f6rtgens Vorg\u00e4nger, seine Aussage machen m\u00fcssen und dabei K\u00f6rtgen stark belastet. Ob K\u00f6rtgen einzig aufgrund dessen nur umst\u00e4ndliche und verwirrende Antworten auf die Fragen der Abgeordneten gab? Fakt ist, dass Weyer anf\u00fchrte, die Probleme w\u00e4hrend der Bauphase des Pannenflughafens h\u00e4tten die gesamte Situation belastet, weshalb auch der Plan\u00e4nderungsstopp daran nichts \u00e4ndern konnte.<\/p>\n<p>Der Rheinl\u00e4nder hatte auch WSP CBP, den langj\u00e4hrigen Projektsteuerer, stark kritisiert. Das Unternehmen habe regelm\u00e4\u00dfig die auf der Baustelle eingeteilten Mitarbeiter ausgewechselt und h\u00e4ufig seien diese sogar stark unterbesetzt gewesen, so K\u00f6rtgen. Sogar der aktuell regierende Berliner B\u00fcrgermeister Klaus Wowereit wird von K\u00f6rtgen belastet. Nachdem auch ein zweiter Er\u00f6ffnungstermin nicht eingehalten werden konnte, habe der Aufsichtsrat die K\u00fcndigung beschlossen, da K\u00f6rtgen nicht in der Lage gewesen sei, Probleme rechtzeitig zu erkennen.<\/p>\n<h2>Nur ein kleines Zahnrad oder doch Sand im Getriebe?<\/h2>\n<p>Bislang gibt es viele Unklarheiten um Manfred K\u00f6rtgen. War er es, der \u00c4nderungen an den Controllingberichten angewiesen hatte? Zwar hatte K\u00f6rtgen dies abgestritten, doch scheint es, als habe der Aufsichtsratsvorsitzende Martin Delius von den Piraten Beweise, die gegen K\u00f6rtgen sprechen. Die Gr\u00fcnen jedoch stellten fest, dass K\u00f6rtgen lediglich ein kleines Zahnrad im Getriebe gewesen sei.<\/p>\n<p><em>Quelle: http:\/\/www.morgenpost.de\/flughafen-berlin-brandenburg\/article133406383\/Auch-Ex-Technikchef-Koertgen-will-es-nicht-gewesen-sein.html<\/em><\/p>\n","protected":false},"excerpt":{"rendered":"<p>Einst hatte Manfred K\u00f6rtgen in den 90er Jahren den Flughafen D\u00fcsseldorf wieder auf Vordermann gebracht, nachdem dieser einem Brand zum Opfer gefallen ist. Dies sogar w\u00e4hrend des laufenden Betriebes, so hatte K\u00f6rtgen vor dem Untersuchungsausschuss ausdr\u00fccklich betont.<\/p>\n","protected":false},"author":1,"featured_media":0,"comment_status":"open","ping_status":"open","sticky":false,"template":"","format":"standard","meta":{"footnotes":""},"categories":[328,4],"tags":[148,146,147],"class_list":["post-348","post","type-post","status-publish","format-standard","hentry","category-flughaefen","category-news","tag-berliner-flughafen","tag-ex-bauleiter-koertgen-unschuldig-am-flop-des-pappenflughafens-ber","tag-manfred-koertgen"],"aioseo_notices":[],"_links":{"self":[{"href":"https:\/\/www.parkplatzvergleich.de\/blog\/wp-json\/wp\/v2\/posts\/348","targetHints":{"allow":["GET"]}}],"collection":[{"href":"https:\/\/www.parkplatzvergleich.de\/blog\/wp-json\/wp\/v2\/posts"}],"about":[{"href":"https:\/\/www.parkplatzvergleich.de\/blog\/wp-json\/wp\/v2\/types\/post"}],"author":[{"embeddable":true,"href":"https:\/\/www.parkplatzvergleich.de\/blog\/wp-json\/wp\/v2\/users\/1"}],"replies":[{"embeddable":true,"href":"https:\/\/www.parkplatzvergleich.de\/blog\/wp-json\/wp\/v2\/comments?post=348"}],"version-history":[{"count":7,"href":"https:\/\/www.parkplatzvergleich.de\/blog\/wp-json\/wp\/v2\/posts\/348\/revisions"}],"predecessor-version":[{"id":426,"href":"https:\/\/www.parkplatzvergleich.de\/blog\/wp-json\/wp\/v2\/posts\/348\/revisions\/426"}],"wp:attachment":[{"href":"https:\/\/www.parkplatzvergleich.de\/blog\/wp-json\/wp\/v2\/media?parent=348"}],"wp:term":[{"taxonomy":"category","embeddable":true,"href":"https:\/\/www.parkplatzvergleich.de\/blog\/wp-json\/wp\/v2\/categories?post=348"},{"taxonomy":"post_tag","embeddable":true,"href":"https:\/\/www.parkplatzvergleich.de\/blog\/wp-json\/wp\/v2\/tags?post=348"}],"curies":[{"name":"wp","href":"https:\/\/api.w.org\/{rel}","templated":true}]}}