{"id":80,"date":"2014-01-17T17:36:02","date_gmt":"2014-01-17T16:36:02","guid":{"rendered":"http:\/\/www.parkplatzvergleich.de\/blog\/?p=80"},"modified":"2018-01-23T13:07:41","modified_gmt":"2018-01-23T12:07:41","slug":"flughafen-muenster-osnabrueck-cityjet-fliegt-nicht-mehr-nach-london","status":"publish","type":"post","link":"https:\/\/www.parkplatzvergleich.de\/blog\/flughafen-muenster-osnabrueck-cityjet-fliegt-nicht-mehr-nach-london-80.html","title":{"rendered":"Flughafen M\u00fcnster-Osnabr\u00fcck \u2013 CityJet fliegt nicht mehr nach London"},"content":{"rendered":"<p><img decoding=\"async\" class=\"alignnone wp-image-474 size-full\" src=\"https:\/\/www.parkplatzvergleich.de\/blog\/wp-content\/uploads\/2014\/01\/cityjet-logo.jpg\" alt=\"\" width=\"560\" height=\"350\" srcset=\"https:\/\/www.parkplatzvergleich.de\/blog\/wp-content\/uploads\/2014\/01\/cityjet-logo.jpg 560w, https:\/\/www.parkplatzvergleich.de\/blog\/wp-content\/uploads\/2014\/01\/cityjet-logo-300x188.jpg 300w\" sizes=\"(max-width: 560px) 100vw, 560px\" \/><\/p>\n<p>Die Fluggesellschaft CityJet war bisher eine Tochtergesellschaft der Air France und KLM. Doch nun wurde das Unternehmen verkauft, nach bisherigen Angaben an das Unternehmen \u201eIntro Aviation\u201c. Die Fluglinie geh\u00f6rt dem Textilunternehmer Rudolf W\u00f6hrl, der sich bereits 1973 zum Berufspiloten ausbilden lie\u00df. Im Jahre 1980 erwarb er die Lizenz f\u00fcr Verkehrsflugzeuge. Dieser Verkauf hat allerdings f\u00fcr den <a href=\"https:\/\/www.parkplatzvergleich.de\/flughafen_muenster.php\">Flughafen M\u00fcnster-Osnabr\u00fcck<\/a> einen Nachteil, denn die Flugverbindung Greven-London gibt es ab April 2014 nicht mehr. Auch die weiteren bisherigen Standorte f\u00fcr eine Verbindung nach London, sowie zum <a href=\"https:\/\/www.parkplatzvergleich.de\/parken-flughafen-nuernberg\/\">Flughafen N\u00fcrnberg<\/a>, Paderborn und Luxemburg werden eingestellt. Der Fokus des neuen Besitzers liegt mehr im britischen Raum.<\/p>\n<h2>Hoffnung f\u00fcr eine Verbindung nach London<\/h2>\n<p>Der Sprecher des Flughafens M\u00fcnster-Osnabr\u00fcck Andr\u00e9s Heinemann verk\u00fcndete die schlechte Nachricht am Montag, den 23.12, allerdings nicht ohne einen kleinen Hoffnungsschimmer zu hinterlassen. Der Flughafen wolle keinesfalls eine Verbindung nach London vollkommen aus dem Flugplan streichen. Doch nach dem Verkauf der Fluglinie CityJet sei diese nicht mehr bereit ab Anfang April die Flugverbindung aufrecht zu erhalten. Dies sei jedoch kein Grund nerv\u00f6s zu werden, so Heinemann, denn dass Airlines ihren Besitzer wechseln und anschlie\u00dfend ihre Fluglinien \u00e4ndern, komme \u00f6fters vor. Der Flughafen M\u00fcnster-Osnabr\u00fcck strecke bereits seine F\u00fchler aus und habe auch schon andere Fluggesellschaften im Auge, die durchaus bereit w\u00e4ren, die Strecke Greven \u2013 London zu fliegen.<\/p>\n<p><small>Quelle: http:\/\/www.muensterschezeitung.de\/staedte\/greven\/City-Jet-Fluglinie-stellt-London-Verbindung-vom-FMO-ein;art967,2229451<\/small><\/p>\n","protected":false},"excerpt":{"rendered":"<p>Die Fluggesellschaft CityJet war bisher eine Tochtergesellschaft der Air France und KLM. Doch nun wurde das Unternehmen verkauft, nach bisherigen Angaben an das Unternehmen \u201eIntro Aviation\u201c. Die Fluglinie geh\u00f6rt dem Textilunternehmer Rudolf W\u00f6hrl, der sich bereits 1973 zum Berufspiloten ausbilden lie\u00df. Im Jahre 1980 erwarb er die Lizenz f\u00fcr Verkehrsflugzeuge. Dieser Verkauf hat allerdings f\u00fcr [&hellip;]<\/p>\n","protected":false},"author":1,"featured_media":474,"comment_status":"open","ping_status":"open","sticky":false,"template":"","format":"standard","meta":{"footnotes":""},"categories":[4],"tags":[38,37,39],"class_list":["post-80","post","type-post","status-publish","format-standard","has-post-thumbnail","hentry","category-news","tag-cityjet","tag-flughafen-muenster","tag-kein-flug-nach-london"],"aioseo_notices":[],"_links":{"self":[{"href":"https:\/\/www.parkplatzvergleich.de\/blog\/wp-json\/wp\/v2\/posts\/80","targetHints":{"allow":["GET"]}}],"collection":[{"href":"https:\/\/www.parkplatzvergleich.de\/blog\/wp-json\/wp\/v2\/posts"}],"about":[{"href":"https:\/\/www.parkplatzvergleich.de\/blog\/wp-json\/wp\/v2\/types\/post"}],"author":[{"embeddable":true,"href":"https:\/\/www.parkplatzvergleich.de\/blog\/wp-json\/wp\/v2\/users\/1"}],"replies":[{"embeddable":true,"href":"https:\/\/www.parkplatzvergleich.de\/blog\/wp-json\/wp\/v2\/comments?post=80"}],"version-history":[{"count":6,"href":"https:\/\/www.parkplatzvergleich.de\/blog\/wp-json\/wp\/v2\/posts\/80\/revisions"}],"predecessor-version":[{"id":1761,"href":"https:\/\/www.parkplatzvergleich.de\/blog\/wp-json\/wp\/v2\/posts\/80\/revisions\/1761"}],"wp:featuredmedia":[{"embeddable":true,"href":"https:\/\/www.parkplatzvergleich.de\/blog\/wp-json\/wp\/v2\/media\/474"}],"wp:attachment":[{"href":"https:\/\/www.parkplatzvergleich.de\/blog\/wp-json\/wp\/v2\/media?parent=80"}],"wp:term":[{"taxonomy":"category","embeddable":true,"href":"https:\/\/www.parkplatzvergleich.de\/blog\/wp-json\/wp\/v2\/categories?post=80"},{"taxonomy":"post_tag","embeddable":true,"href":"https:\/\/www.parkplatzvergleich.de\/blog\/wp-json\/wp\/v2\/tags?post=80"}],"curies":[{"name":"wp","href":"https:\/\/api.w.org\/{rel}","templated":true}]}}