{"id":91,"date":"2014-01-21T17:29:14","date_gmt":"2014-01-21T16:29:14","guid":{"rendered":"http:\/\/www.parkplatzvergleich.de\/blog\/?p=91"},"modified":"2019-11-05T19:31:32","modified_gmt":"2019-11-05T18:31:32","slug":"flughafen-von-hof-nun-testgelaende-fuer-bmw-und-mercedes","status":"publish","type":"post","link":"https:\/\/www.parkplatzvergleich.de\/blog\/flughafen-von-hof-nun-testgelaende-fuer-bmw-und-mercedes-91.html","title":{"rendered":"Flughafen von Hof \u2013 nun Testgel\u00e4nde f\u00fcr BMW und Mercedes"},"content":{"rendered":"<p><img decoding=\"async\" class=\"alignnone wp-image-480 size-full\" src=\"https:\/\/www.parkplatzvergleich.de\/blog\/wp-content\/uploads\/2014\/01\/Flughafen_Hof-Plauen.jpg\" alt=\"\" width=\"1024\" height=\"368\" srcset=\"https:\/\/www.parkplatzvergleich.de\/blog\/wp-content\/uploads\/2014\/01\/Flughafen_Hof-Plauen.jpg 1024w, https:\/\/www.parkplatzvergleich.de\/blog\/wp-content\/uploads\/2014\/01\/Flughafen_Hof-Plauen-300x108.jpg 300w, https:\/\/www.parkplatzvergleich.de\/blog\/wp-content\/uploads\/2014\/01\/Flughafen_Hof-Plauen-660x237.jpg 660w\" sizes=\"(max-width: 1024px) 100vw, 1024px\" \/><\/p>\n<p>Die Rennsportabteilung von BMW und Mercedes k\u00f6nnen sich freuen, denn nun k\u00f6nnen Sie auf einer bestens restaurierten Landebahn f\u00fcr Flugzeuge testen was das Zeug h\u00e4lt. Seit Januar 2012 startet n\u00e4mlich kein einziges Flugzeug mehr vom Flughafen Hof. Gibt es diesen Flughafen \u00fcberhaupt? Genau das werden sich viele Leser denken. Der Flughafen Hof brachte nicht den erw\u00fcnschten Ansturm an Passagieren, wie es sich die Bayerische Staatsregierung so vorgestellt hat. Jahrelang wurde die Meinung vertreten, dass der Flughafen in Hof zu einem der wichtigsten Verkehrsverbindungen in Franken geh\u00f6rt. Doch die Menschen rund um Franken nutzten stattdessen wahrscheinlich nach wie vor, das gut ausgebaute Autobahnnetz.<\/p>\n<h2>Vor der Schlie\u00dfung noch auf Vordermann gebracht<\/h2>\n<p>Der Freistaat Bayern wollte noch einmal mit einer Investition die Attraktivit\u00e4t des Flughafens von Hof deutlich machen. Dazu wurde die Flug- und Landebahn auf eine aalglatte Ebene gebracht, die Parkpl\u00e4tze wurden f\u00fcr 196 Fahrzeuge ausgebaut und auch der Tower wurde vollst\u00e4ndig restauriert. Leider brachte diese Investition nicht den gew\u00fcnschten Erfolg und im Januar 2012 stand der Flughafen Hof vor dem Aus. Den Anwohnern wird die geplante Teststrecke noch weniger gefallen, als der bisherige Flughafen. Von einer starken L\u00e4rmbel\u00e4stigung konnte wohl kaum die Rede sein, wenn morgens und vielleicht noch abends eine Maschine landet oder abfliegt. Doch jetzt fahren die Boliden von Mercedes und BMW \u00f6fter die Startbahn entlang.<\/p>\n<p><small>Quelle: <a href=\"http:\/\/www.sueddeutsche.de\/bayern\/flughafen-hof-boliden-auf-der-landepiste-1.1849695\">http:\/\/www.sueddeutsche.de\/bayern\/flughafen-hof-boliden-auf-der-landepiste-1.1849695<\/a><\/small><\/p>\n","protected":false},"excerpt":{"rendered":"<p>Die Rennsportabteilung von BMW und Mercedes k\u00f6nnen sich freuen, denn nun k\u00f6nnen Sie auf einer bestens restaurierten Landebahn f\u00fcr Flugzeuge testen was das Zeug h\u00e4lt. Seit Januar 2012 startet n\u00e4mlich kein einziges Flugzeug mehr vom Flughafen Hof. Gibt es diesen Flughafen \u00fcberhaupt? Genau das werden sich viele Leser denken. Der Flughafen Hof brachte nicht den [&hellip;]<\/p>\n","protected":false},"author":1,"featured_media":480,"comment_status":"open","ping_status":"open","sticky":false,"template":"","format":"standard","meta":{"footnotes":""},"categories":[319,4],"tags":[41,42,40],"class_list":["post-91","post","type-post","status-publish","format-standard","has-post-thumbnail","hentry","category-auto","category-news","tag-flughafen-von-hof","tag-neue-teststrecke","tag-neues-testgelaende-fuer-mercedes-und-bmw"],"aioseo_notices":[],"_links":{"self":[{"href":"https:\/\/www.parkplatzvergleich.de\/blog\/wp-json\/wp\/v2\/posts\/91","targetHints":{"allow":["GET"]}}],"collection":[{"href":"https:\/\/www.parkplatzvergleich.de\/blog\/wp-json\/wp\/v2\/posts"}],"about":[{"href":"https:\/\/www.parkplatzvergleich.de\/blog\/wp-json\/wp\/v2\/types\/post"}],"author":[{"embeddable":true,"href":"https:\/\/www.parkplatzvergleich.de\/blog\/wp-json\/wp\/v2\/users\/1"}],"replies":[{"embeddable":true,"href":"https:\/\/www.parkplatzvergleich.de\/blog\/wp-json\/wp\/v2\/comments?post=91"}],"version-history":[{"count":3,"href":"https:\/\/www.parkplatzvergleich.de\/blog\/wp-json\/wp\/v2\/posts\/91\/revisions"}],"predecessor-version":[{"id":481,"href":"https:\/\/www.parkplatzvergleich.de\/blog\/wp-json\/wp\/v2\/posts\/91\/revisions\/481"}],"wp:featuredmedia":[{"embeddable":true,"href":"https:\/\/www.parkplatzvergleich.de\/blog\/wp-json\/wp\/v2\/media\/480"}],"wp:attachment":[{"href":"https:\/\/www.parkplatzvergleich.de\/blog\/wp-json\/wp\/v2\/media?parent=91"}],"wp:term":[{"taxonomy":"category","embeddable":true,"href":"https:\/\/www.parkplatzvergleich.de\/blog\/wp-json\/wp\/v2\/categories?post=91"},{"taxonomy":"post_tag","embeddable":true,"href":"https:\/\/www.parkplatzvergleich.de\/blog\/wp-json\/wp\/v2\/tags?post=91"}],"curies":[{"name":"wp","href":"https:\/\/api.w.org\/{rel}","templated":true}]}}